{"id":26583,"date":"2023-03-23T16:46:55","date_gmt":"2023-03-23T13:46:55","guid":{"rendered":"https:\/\/zdmaa.com\/mercedes-glc-coupe\/"},"modified":"2023-03-23T16:59:11","modified_gmt":"2023-03-23T13:59:11","slug":"mercedes-glc-coupe","status":"publish","type":"post","link":"https:\/\/zdmaa.com\/de\/mercedes-glc-coupe\/","title":{"rendered":"mercedes glc coupe"},"content":{"rendered":"<header class=\"entry-header-outer\">\n<div class=\"entry-header\">\n<h1 class=\"post-title entry-title\"><span style=\"vertical-align: inherit;\"><span style=\"vertical-align: inherit;\"><span style=\"vertical-align: inherit;\"><span style=\"vertical-align: inherit;\"><span style=\"vertical-align: inherit;\"><span class=\"\" style=\"vertical-align: inherit;\"><span style=\"vertical-align: inherit;\"><span class=\"\" style=\"vertical-align: inherit;\">mercedes glc coupe<\/span><\/span><\/span><\/span><\/span><\/span><\/span><\/span><\/h1>\n<div id=\"single-post-meta\" class=\"post-meta clearfix\"><span class=\"author-meta single-author with-avatars\"><span class=\"meta-item meta-author-wrapper meta-author-1\"><br \/>\n<\/span><\/span><\/p>\n<div class=\"tie-alignright\"><\/div>\n<\/div>\n<\/div>\n<\/header>\n<div class=\"featured-area\">\n<div class=\"featured-area-inner\">\n<figure class=\"single-featured-image\"><img decoding=\"async\" class=\"attachment-full size-full wp-post-image\" src=\"https:\/\/cargtr.com\/wp-content\/uploads\/2023\/03\/mercedes-glc-coupe-2.jpg.webp\" sizes=\"(max-width: 954px) 100vw, 954px\" srcset=\"https:\/\/cargtr.com\/wp-content\/uploads\/2023\/03\/mercedes-glc-coupe-2.jpg.webp 954w, https:\/\/cargtr.com\/wp-content\/uploads\/2023\/03\/mercedes-glc-coupe-2-300x150.jpg.webp 300w, https:\/\/cargtr.com\/wp-content\/uploads\/2023\/03\/mercedes-glc-coupe-2-768x384.jpg.webp 768w\" alt=\"&lt;figcaption class=\" \/><span style=\"vertical-align: inherit;\"><span style=\"vertical-align: inherit;\"><span style=\"vertical-align: inherit;\"><span style=\"vertical-align: inherit;\"><span style=\"vertical-align: inherit;\"><span style=\"vertical-align: inherit;\"><span style=\"vertical-align: inherit;\"><span style=\"vertical-align: inherit;\">\u00a0mercedes glc coupe<\/span><\/span><\/span><\/span><\/span><\/span><\/span><\/span><\/figure>\n<\/div>\n<\/div>\n<div class=\"entry-content entry clearfix\">\n<h1 class=\"keyword-text _ngcontent-bjw-111\"><span class=\"keyword _ngcontent-bjw-111\" aria-hidden=\"false\"><span style=\"vertical-align: inherit;\"><span style=\"vertical-align: inherit;\"><span style=\"vertical-align: inherit;\"><span style=\"vertical-align: inherit;\"><span style=\"vertical-align: inherit;\"><span style=\"vertical-align: inherit;\"><span style=\"vertical-align: inherit;\"><span style=\"vertical-align: inherit;\">mercedes glc coupe<\/span><\/span><\/span><\/span><\/span><\/span><\/span><\/span><\/span><\/h1>\n<header class=\"entry-header\">\n<div class=\"entry-info\">\n<p class=\"entry-title\"><span style=\"vertical-align: inherit;\"><span style=\"vertical-align: inherit;\"><span style=\"vertical-align: inherit;\"><span style=\"vertical-align: inherit;\"><span style=\"vertical-align: inherit;\"><span style=\"vertical-align: inherit;\"><span style=\"vertical-align: inherit;\"><span style=\"vertical-align: inherit;\">2024 Mercedes-Benz GLC Coup\u00e9,<\/span><\/span><\/span><\/span><\/span><\/span><\/span><\/span><\/p>\n<p>&nbsp;<\/p>\n<p class=\"entry-title\"><span style=\"vertical-align: inherit;\"><span style=\"vertical-align: inherit;\"><span style=\"vertical-align: inherit;\"><span style=\"vertical-align: inherit;\"><span style=\"vertical-align: inherit;\"><span style=\"vertical-align: inherit;\"><span style=\"vertical-align: inherit;\"><span style=\"vertical-align: inherit;\">Die neue Generation,<\/span><\/span><\/span><\/span><\/span><\/span><\/span><\/span><\/p>\n<p>&nbsp;<\/p>\n<p class=\"entry-title\"><span style=\"vertical-align: inherit;\"><span style=\"vertical-align: inherit;\"><span style=\"vertical-align: inherit;\"><span style=\"vertical-align: inherit;\"><span style=\"vertical-align: inherit;\"><span style=\"vertical-align: inherit;\"><span style=\"vertical-align: inherit;\"><span style=\"vertical-align: inherit;\">vielseitige Coup\u00e9-Karosserie.<\/span><\/span><\/span><\/span><\/span><\/span><\/span><\/span><\/p>\n<div class=\"share\">\n<div class=\"clear\"><\/div>\n<\/div>\n<div class=\"clear\"><\/div>\n<\/div>\n<\/header>\n<div class=\"recent-posts\">\n<article id=\"post-64415\" class=\"post-64415 post type-post status-publish format-standard has-post-thumbnail hentry category-ridebuster-new-car- category-inter-buster\">\n<div class=\"entry-content\">\n<p id=\"h-\u0e2a\u0e32\u0e27\u0e01\u0e15\u0e23\u0e32\u0e14\u0e32\u0e27\u0e17-\u0e01\u0e33\u0e25-\u0e07\u0e16\u0e32\u0e21\u0e2b\u0e32\u0e40\u0e27\u0e2d\u0e23-\u0e0a-\u0e19\u0e2b\u0e25-\u0e07\u0e04\u0e32\u0e25\u0e32\u0e14\u0e2d\u0e22-\u0e32\u0e07-mercedes-benz-glc-coupe-\u0e40\u0e08\u0e19\u0e43\u0e2b\u0e21-\u0e27-\u0e32\u0e08\u0e30\u0e15\u0e32\u0e21\u0e21\u0e32\u0e14-\u0e27\u0e22\u0e2b\u0e23-\u0e2d\u0e44\u0e21-\u0e2b\u0e25-\u0e07\u0e40\u0e1b-\u0e14\u0e15-\u0e27\u0e40\u0e27\u0e2d\u0e23-\u0e0a-\u0e19\u0e1b\u0e01\u0e15-glc-\u0e44\u0e1b\u0e40\u0e21-\u0e2d\u0e1b-\u0e01\u0e25\u0e32\u0e22\" class=\"has-medium-font-size\"><span style=\"vertical-align: inherit;\"><span style=\"vertical-align: inherit;\"><span style=\"vertical-align: inherit;\"><span style=\"vertical-align: inherit;\"><span style=\"vertical-align: inherit;\"><span style=\"vertical-align: inherit;\"><span style=\"vertical-align: inherit;\"><span style=\"vertical-align: inherit;\">Ein Mustersch\u00fcler fragt nach einer Schr\u00e4gdach-Version wie beim neuen Mercedes-Benz GLC Coup\u00e9<\/span><\/span><\/span><\/span><\/span><\/span><\/span><\/span><\/p>\n<p>&nbsp;<\/p>\n<p class=\"has-medium-font-size\"><span style=\"vertical-align: inherit;\"><span style=\"vertical-align: inherit;\"><span style=\"vertical-align: inherit;\"><span style=\"vertical-align: inherit;\"><span style=\"vertical-align: inherit;\"><span style=\"vertical-align: inherit;\"><span style=\"vertical-align: inherit;\"><span style=\"vertical-align: inherit;\">Oder folgen Sie nicht dem regul\u00e4ren GLC, der letztes Jahr eingef\u00fchrt wurde.<\/span><\/span><\/span><\/span><\/span><\/span><\/span><\/span><\/p>\n<figure class=\"wp-block-image size-large\">\n<figure id=\"attachment_27338\" class=\"wp-caption alignnone\" aria-describedby=\"caption-attachment-27338\"><img decoding=\"async\" class=\"size-full wp-image-27338\" src=\"http:\/\/cargtr.com\/wp-content\/uploads\/2023\/03\/mercedes-glc-coupe-4.jpg.webp\" sizes=\"(max-width: 1500px) 100vw, 1500px\" srcset=\"https:\/\/cargtr.com\/wp-content\/uploads\/2023\/03\/mercedes-glc-coupe-4.jpg.webp 1500w, https:\/\/cargtr.com\/wp-content\/uploads\/2023\/03\/mercedes-glc-coupe-4-300x200.jpg.webp 300w, https:\/\/cargtr.com\/wp-content\/uploads\/2023\/03\/mercedes-glc-coupe-4-1024x683.jpg.webp 1024w, https:\/\/cargtr.com\/wp-content\/uploads\/2023\/03\/mercedes-glc-coupe-4-768x512.jpg.webp 768w\" alt=\"&lt;Bildunterschrift-ID=\" \/><span style=\"vertical-align: inherit;\"><span style=\"vertical-align: inherit;\"><span style=\"vertical-align: inherit;\"><span style=\"vertical-align: inherit;\"><span style=\"vertical-align: inherit;\"><span style=\"vertical-align: inherit;\"><span style=\"vertical-align: inherit;\"><span style=\"vertical-align: inherit;\">mercedes glc coupe<\/span><\/span><\/span><\/span><\/span><\/span><\/span><\/span><\/figure>\n<\/figure>\n<p><span style=\"vertical-align: inherit;\"><span style=\"vertical-align: inherit;\"><span style=\"vertical-align: inherit;\"><span style=\"vertical-align: inherit;\"><span style=\"vertical-align: inherit;\"><span style=\"vertical-align: inherit;\"><span style=\"vertical-align: inherit;\"><span style=\"vertical-align: inherit;\">Heute ist die Formel, auf die man warten muss, wenn das Tra Dao-Lager eine neue Generation freil\u00e4sst. <\/span><\/span><\/span><\/span><\/span><span style=\"vertical-align: inherit;\"><span style=\"vertical-align: inherit;\"><span style=\"vertical-align: inherit;\"><span style=\"vertical-align: inherit;\"><span style=\"vertical-align: inherit;\">Das offizielle Mercedes-Benz GLC Coup\u00e9 C254 basiert auf dem Modell GLC X254 und schneidet die hintere H\u00e4lfte des Autos ab.<\/span><\/span><\/span><\/span><\/span><\/span><\/span><\/span><\/p>\n<p><span style=\"vertical-align: inherit;\"><span style=\"vertical-align: inherit;\"><span style=\"vertical-align: inherit;\"><span style=\"vertical-align: inherit;\"><span style=\"vertical-align: inherit;\"><span style=\"vertical-align: inherit;\"><span style=\"vertical-align: inherit;\"><span style=\"vertical-align: inherit;\">Das Design von Dach und Kofferraumdeckel ist eine perfekte Coup\u00e9-Version geworden.<\/span><\/span><\/span><\/span><\/span><\/span><\/span><\/span><\/p>\n<p><span style=\"vertical-align: inherit;\"><span style=\"vertical-align: inherit;\"><span style=\"vertical-align: inherit;\"><span style=\"vertical-align: inherit;\"><span style=\"vertical-align: inherit;\"><span style=\"vertical-align: inherit;\"><span style=\"vertical-align: inherit;\"><span style=\"vertical-align: inherit;\">Das \u00c4u\u00dfere ist das gleiche wie beim regul\u00e4ren GLC, einschlie\u00dflich des Diamantgrills mit einer einzigen horizontalen Linie. <\/span><\/span><\/span><\/span><\/span><\/span><\/span><span style=\"vertical-align: inherit;\"><span style=\"vertical-align: inherit;\"><span style=\"vertical-align: inherit;\"><span style=\"vertical-align: inherit;\"><span style=\"vertical-align: inherit;\"><span style=\"vertical-align: inherit;\"><span style=\"vertical-align: inherit;\">Gro\u00dfer Aufn\u00e4her mit drei Sternen, LED-Scheinwerfer, Frontsto\u00dfstange in neuem Design<\/span><\/span><\/span><\/span><\/span><\/span><\/span><\/span><\/p>\n<p><span style=\"vertical-align: inherit;\"><span style=\"vertical-align: inherit;\"><span style=\"vertical-align: inherit;\"><span style=\"vertical-align: inherit;\"><span style=\"vertical-align: inherit;\"><span style=\"vertical-align: inherit;\"><span style=\"vertical-align: inherit;\"><span style=\"vertical-align: inherit;\">Die LED-R\u00fcckleuchten sind kleiner gestaltet und an der Hecksto\u00dfstange am Kennzeichenrahmen befestigt. <\/span><\/span><\/span><\/span><\/span><\/span><\/span><span style=\"vertical-align: inherit;\"><span style=\"vertical-align: inherit;\"><span style=\"vertical-align: inherit;\"><span style=\"vertical-align: inherit;\"><span style=\"vertical-align: inherit;\"><span style=\"vertical-align: inherit;\"><span style=\"vertical-align: inherit;\">Die neue Legierung<\/span><\/span><\/span><\/span><\/span><\/span><\/span><\/span><\/p>\n<p><span style=\"vertical-align: inherit;\"><span style=\"vertical-align: inherit;\"><span style=\"vertical-align: inherit;\"><span style=\"vertical-align: inherit;\"><span style=\"vertical-align: inherit;\"><span style=\"vertical-align: inherit;\"><span style=\"vertical-align: inherit;\"><span style=\"vertical-align: inherit;\">R\u00e4der mit Doppelauspuff auf beiden Seiten sind 18-20 Zoll gro\u00df, haben einen Reibwert von 0,27cd, was<\/span><\/span><\/span><\/span><\/span><\/span><\/span><\/span><\/p>\n<p><span style=\"vertical-align: inherit;\"><span style=\"vertical-align: inherit;\"><span style=\"vertical-align: inherit;\"><span style=\"vertical-align: inherit;\"><span style=\"vertical-align: inherit;\"><span style=\"vertical-align: inherit;\"><span style=\"vertical-align: inherit;\"><span style=\"vertical-align: inherit;\">ist nur 0,30 cd weniger als der regul\u00e4re GLC und 31 mm l\u00e4nger als das vorherige GLC Coup\u00e9: 4.763 mm.<\/span><\/span><\/span><\/span><\/span><\/span><\/span><\/span><\/p>\n<figure class=\"wp-block-image size-large\"><\/figure>\n<p><span style=\"vertical-align: inherit;\"><span style=\"vertical-align: inherit;\"><span style=\"vertical-align: inherit;\"><span style=\"vertical-align: inherit;\"><span style=\"vertical-align: inherit;\"><span style=\"vertical-align: inherit;\"><span style=\"vertical-align: inherit;\"><span style=\"vertical-align: inherit;\">Auf der gleichen Mercedes-Benz GLC-Grundfl\u00e4che, ob 12,3-Zoll-Digitaldisplay, gro\u00dfe 11,9-Zoll-OLED-Touchscreen-Mittelkonsole mit 15 Burmester-Qualit\u00e4tslautsprechern, 710 W Leistung, im 40-Format: 20: 40 umklappbare R\u00fccksitze, mit Ladefunktion Fassungsverm\u00f6gen 545 (390) \u2013 1335 Liter und Ambientebeleuchtung in 64 Farben.<\/span><\/span><\/span><\/span><\/span><\/span><\/span><\/span><\/p>\n<div class=\"g g-2\">\n<div class=\"g-single a-6\">\n<h2 class=\"keyword-text _ngcontent-bjw-111 has-variants\" tabindex=\"-1\" role=\"button\" aria-label=\"2024 glc Coup\u00e9.  Dies ist das von Ihnen angegebene Schl\u00fcsselwort.\"><span class=\"keyword _ngcontent-bjw-111\" aria-hidden=\"false\"><span style=\"vertical-align: inherit;\"><span style=\"vertical-align: inherit;\"><span style=\"vertical-align: inherit;\"><span style=\"vertical-align: inherit;\"><span style=\"vertical-align: inherit;\"><span style=\"vertical-align: inherit;\"><span style=\"vertical-align: inherit;\"><span style=\"vertical-align: inherit;\">2024 glc Coup\u00e9<\/span><\/span><\/span><\/span><\/span><\/span><\/span><\/span><\/span><\/h2>\n<figure id=\"attachment_27349\" class=\"wp-caption alignnone\" aria-describedby=\"caption-attachment-27349\"><img decoding=\"async\" class=\"size-full wp-image-27349\" src=\"http:\/\/cargtr.com\/wp-content\/uploads\/2023\/03\/mercedes-glc-coupe.jpg.webp\" sizes=\"(max-width: 693px) 100vw, 693px\" srcset=\"https:\/\/cargtr.com\/wp-content\/uploads\/2023\/03\/mercedes-glc-coupe.jpg.webp 693w, https:\/\/cargtr.com\/wp-content\/uploads\/2023\/03\/mercedes-glc-coupe-300x213.jpg.webp 300w\" alt=\"&lt;Bildunterschrift-ID=\" \/><span style=\"vertical-align: inherit;\"><span style=\"vertical-align: inherit;\"><span style=\"vertical-align: inherit;\"><span style=\"vertical-align: inherit;\"><span style=\"vertical-align: inherit;\"><span style=\"vertical-align: inherit;\"><span style=\"vertical-align: inherit;\"><span style=\"vertical-align: inherit;\">mercedes glc coupe<\/span><\/span><\/span><\/span><\/span><\/span><\/span><\/span><\/figure>\n<div tabindex=\"-1\" role=\"button\" aria-label=\"2024 glc Coup\u00e9.  Dies ist das von Ihnen angegebene Schl\u00fcsselwort.\"><\/div>\n<\/div>\n<\/div>\n<p><span style=\"vertical-align: inherit;\"><span style=\"vertical-align: inherit;\"><span style=\"vertical-align: inherit;\"><span style=\"vertical-align: inherit;\"><span style=\"vertical-align: inherit;\"><span style=\"vertical-align: inherit;\"><span style=\"vertical-align: inherit;\"><span style=\"vertical-align: inherit;\">Die Kraft f\u00fcr die gesamte Palette kommt vom Mercedes-Benz GLC X254, sowohl MHEV-Mild-Hybrid, PHEV &#8211; Plug-in-Hybrid, Benzinmotor<\/span><\/span><\/span><\/span><\/span><\/span><\/span><\/span><\/p>\n<p><span style=\"vertical-align: inherit;\"><span style=\"vertical-align: inherit;\"><span style=\"vertical-align: inherit;\"><span style=\"vertical-align: inherit;\"><span style=\"vertical-align: inherit;\"><span style=\"vertical-align: inherit;\"><span style=\"vertical-align: inherit;\"><span style=\"vertical-align: inherit;\">und Turbodiesel, mit Mild-Hybrid-Antriebsstrang und Stromversorgung zur Unterst\u00fctzung des Bordnetzes mit 48 Volt.<\/span><\/span><\/span><\/span><\/span><\/span><\/span><\/span><\/p>\n<p><span style=\"vertical-align: inherit;\"><span style=\"vertical-align: inherit;\"><span style=\"vertical-align: inherit;\"><span style=\"vertical-align: inherit;\"><span style=\"vertical-align: inherit;\"><span style=\"vertical-align: inherit;\"><span style=\"vertical-align: inherit;\"><span style=\"vertical-align: inherit;\">Ein spezieller Elektromotor mit EQ Boost liefert bis zu 23 PS und 200 Nm Drehmoment.<\/span><\/span><\/span><\/span><\/span><\/span><\/span><\/span><\/p>\n<p><span style=\"vertical-align: inherit;\"><span style=\"vertical-align: inherit;\"><span style=\"vertical-align: inherit;\"><span style=\"vertical-align: inherit;\"><span style=\"vertical-align: inherit;\"><span style=\"vertical-align: inherit;\"><span style=\"vertical-align: inherit;\"><span style=\"vertical-align: inherit;\">Der 2,0-Liter-Plug-in-Hybrid aus Diesel und Benzin verf\u00fcgt \u00fcber eine Lithium-Ionen-Batteriekapazit\u00e4t von 31,2 kWh,<\/span><\/span><\/span><\/span><\/span><\/span><\/span><\/span><\/p>\n<p><span style=\"vertical-align: inherit;\"><span style=\"vertical-align: inherit;\"><span style=\"vertical-align: inherit;\"><span style=\"vertical-align: inherit;\"><span style=\"vertical-align: inherit;\"><span style=\"vertical-align: inherit;\"><span style=\"vertical-align: inherit;\"><span style=\"vertical-align: inherit;\">Dieser bietet eine H\u00f6chstgeschwindigkeit im Elektromodus von 140 km\/h und eine maximale Reichweite von 119 bis 131 km.<\/span><\/span><\/span><\/span><\/span><\/span><\/span><\/span><\/p>\n<figure class=\"wp-block-image size-large\"><\/figure>\n<p><span style=\"vertical-align: inherit;\"><span style=\"vertical-align: inherit;\"><span style=\"vertical-align: inherit;\"><span style=\"vertical-align: inherit;\"><span style=\"vertical-align: inherit;\"><span style=\"vertical-align: inherit;\"><span style=\"vertical-align: inherit;\"><span style=\"vertical-align: inherit;\">Alle Leistungsstufen sind an das Automatikgetriebe 9G-TRONIC\u00a0 <\/span><\/span><\/span><\/span><\/span><\/span><\/span><\/span><a href=\"https:\/\/en.wikipedia.org\/wiki\/Mercedes-Benz_GLC\"><span style=\"vertical-align: inherit;\"><span style=\"vertical-align: inherit;\"><span style=\"vertical-align: inherit;\"><span style=\"vertical-align: inherit;\"><span style=\"vertical-align: inherit;\"><span style=\"vertical-align: inherit;\"><span style=\"vertical-align: inherit;\"><span style=\"vertical-align: inherit;\">und Schaltwippen gekoppelt.<\/span><\/span><\/span><\/span><\/span><\/span><\/span><\/span><\/a><\/p>\n<p><a href=\"https:\/\/en.wikipedia.org\/wiki\/Mercedes-Benz_GLC\"><span style=\"vertical-align: inherit;\"><span style=\"vertical-align: inherit;\"><span style=\"vertical-align: inherit;\"><span style=\"vertical-align: inherit;\"><span style=\"vertical-align: inherit;\"><span style=\"vertical-align: inherit;\"><span style=\"vertical-align: inherit;\"><span style=\"vertical-align: inherit;\">Allradantrieb 4MATIC und Plug-in-Hybrid-Modelle.\u00a0<\/span><\/span><\/span><\/span><\/span><\/span><\/span><\/span><\/a><span style=\"vertical-align: inherit;\"><span style=\"vertical-align: inherit;\"><span style=\"vertical-align: inherit;\"><span style=\"vertical-align: inherit;\"><span style=\"vertical-align: inherit;\"><span style=\"vertical-align: inherit;\"><span style=\"vertical-align: inherit;\"><span style=\"vertical-align: inherit;\">Es unterst\u00fctzt langsames AC-Laden bis zu 11 kW und unterst\u00fctzt<\/span><\/span><\/span><\/span><\/span><\/span><\/span><\/span><\/p>\n<p><span style=\"vertical-align: inherit;\"><span style=\"vertical-align: inherit;\"><span style=\"vertical-align: inherit;\"><span style=\"vertical-align: inherit;\"><span style=\"vertical-align: inherit;\"><span style=\"vertical-align: inherit;\"><span style=\"vertical-align: inherit;\"><span style=\"vertical-align: inherit;\">Schnelles DC-Laden bis zu 60 kW in 30 Minuten. <\/span><\/span><\/span><\/span><\/span><\/span><\/span><span style=\"vertical-align: inherit;\"><span style=\"vertical-align: inherit;\"><span style=\"vertical-align: inherit;\"><span style=\"vertical-align: inherit;\"><span style=\"vertical-align: inherit;\"><span style=\"vertical-align: inherit;\"><span style=\"vertical-align: inherit;\">Gelangweilt Das neue Mercedes-Benz GLC Coup\u00e9 wird ab Juli in Europa in den Verkauf gehen.<\/span><\/span><\/span><\/span><\/span><\/span><\/span><\/span><\/p>\n<\/div>\n<div class=\"group w-full text-gray-800 dark:text-gray-100 border-b border-black\/10 dark:border-gray-900\/50 dark:bg-gray-800\">\n<div class=\"text-base gap-4 md:gap-6 md:max-w-2xl lg:max-w-2xl xl:max-w-3xl p-4 md:py-6 flex lg:px-0 m-auto\">\n<div class=\"relative flex w-[calc(100%-50px)] flex-col gap-1 md:gap-3 lg:w-[calc(100%-115px)]\">\n<div class=\"flex flex-grow flex-col gap-3\">\n<div class=\"min-h-[20px] flex flex-col items-start gap-4 whitespace-pre-wrap\"><\/div>\n<\/div>\n<div class=\"text-gray-400 flex self-end lg:self-center justify-center mt-2 gap-3 md:gap-4 lg:gap-1 lg:absolute lg:top-0 lg:translate-x-full lg:right-0 lg:mt-0 lg:pl-2 visible\">\n<h2 class=\"keyword-text _ngcontent-bjw-111\"><span class=\"keyword _ngcontent-bjw-111\" aria-hidden=\"false\"><span style=\"vertical-align: inherit;\"><span style=\"vertical-align: inherit;\"><span style=\"vertical-align: inherit;\"><span style=\"vertical-align: inherit;\"><span style=\"vertical-align: inherit;\"><span style=\"vertical-align: inherit;\"><span style=\"vertical-align: inherit;\"><span style=\"vertical-align: inherit;\">GLC Coup\u00e9<\/span><\/span><\/span><\/span><\/span><\/span><\/span><\/span><\/span><\/h2>\n<\/div>\n<div class=\"flex justify-between\"><\/div>\n<\/div>\n<\/div>\n<\/div>\n<div class=\"group w-full text-gray-800 dark:text-gray-100 border-b border-black\/10 dark:border-gray-900\/50 bg-gray-50 dark:bg-[#444654]\">\n<div class=\"text-base gap-4 md:gap-6 md:max-w-2xl lg:max-w-2xl xl:max-w-3xl p-4 md:py-6 flex lg:px-0 m-auto\">\n<div class=\"w-[30px] flex flex-col relative items-end\">\n<div class=\"relative h-[30px] w-[30px] p-1 rounded-sm text-white flex items-center justify-center\"><\/div>\n<\/div>\n<div class=\"relative flex w-[calc(100%-50px)] flex-col gap-1 md:gap-3 lg:w-[calc(100%-115px)]\">\n<div class=\"flex flex-grow flex-col gap-3\">\n<div class=\"min-h-[20px] flex flex-col items-start gap-4 whitespace-pre-wrap\">\n<div class=\"markdown prose w-full break-words dark:prose-invert light\">\n<p><span style=\"vertical-align: inherit;\"><span style=\"vertical-align: inherit;\"><span style=\"vertical-align: inherit;\"><span style=\"vertical-align: inherit;\"><span style=\"vertical-align: inherit;\"><span style=\"vertical-align: inherit;\"><span style=\"vertical-align: inherit;\"><span style=\"vertical-align: inherit;\">Das Mercedes GLC Coup\u00e9 ist ein SUV von Mercedes-Benz.<\/span><\/span><\/span><\/span><\/span><\/span><\/span><\/span><\/p>\n<p><span style=\"vertical-align: inherit;\"><span style=\"vertical-align: inherit;\"><span style=\"vertical-align: inherit;\"><span style=\"vertical-align: inherit;\"><span style=\"vertical-align: inherit;\"><span style=\"vertical-align: inherit;\"><span style=\"vertical-align: inherit;\"><span style=\"vertical-align: inherit;\">Die Kombination aus Leistung, Komfort und Spitzentechnologie. <\/span><\/span><\/span><\/span><\/span><\/span><\/span><span style=\"vertical-align: inherit;\"><span style=\"vertical-align: inherit;\"><span style=\"vertical-align: inherit;\"><span style=\"vertical-align: inherit;\"><span style=\"vertical-align: inherit;\"><span style=\"vertical-align: inherit;\"><span style=\"vertical-align: inherit;\">Dieses 2016 erstmals auf den Markt gebrachte Auto wurde entwickelt, um bei allen Wetterbedingungen ein reibungsloses und komfortables Fahrerlebnis zu bieten.<\/span><\/span><\/span><\/span><\/span><\/span><\/span><\/span><\/p>\n<p><span style=\"vertical-align: inherit;\"><span style=\"vertical-align: inherit;\"><span style=\"vertical-align: inherit;\"><span style=\"vertical-align: inherit;\"><span style=\"vertical-align: inherit;\"><span style=\"vertical-align: inherit;\"><span style=\"vertical-align: inherit;\"><span style=\"vertical-align: inherit;\">Das Auto ist mit zwei Benzinmotoren erh\u00e4ltlich, einem 2,0-Liter-V6 mit 255 PS und einem 3,0-Liter-V6 mit 362 PS. <\/span><\/span><\/span><\/span><\/span><\/span><\/span><span style=\"vertical-align: inherit;\"><span style=\"vertical-align: inherit;\"><span style=\"vertical-align: inherit;\"><span style=\"vertical-align: inherit;\"><span style=\"vertical-align: inherit;\"><span style=\"vertical-align: inherit;\"><span style=\"vertical-align: inherit;\">Eine Hybridversion ist ebenfalls erh\u00e4ltlich, die einen Benzinmotor mit einem Elektromotor kombiniert, um eine hervorragende Leistung und einen hohen Kraftstoffverbrauch zu erzielen<\/span><\/span><\/span><\/span><\/span><\/span><\/span><\/span><\/p>\n<p><span style=\"vertical-align: inherit;\"><span style=\"vertical-align: inherit;\"><span style=\"vertical-align: inherit;\"><span style=\"vertical-align: inherit;\"><span style=\"vertical-align: inherit;\"><span style=\"vertical-align: inherit;\"><span style=\"vertical-align: inherit;\"><span style=\"vertical-align: inherit;\">Effizienz.<\/span><\/span><\/span><\/span><\/span><\/span><\/span><\/span><\/p>\n<p><span style=\"vertical-align: inherit;\"><span style=\"vertical-align: inherit;\"><span style=\"vertical-align: inherit;\"><span style=\"vertical-align: inherit;\"><span style=\"vertical-align: inherit;\"><span style=\"vertical-align: inherit;\"><span style=\"vertical-align: inherit;\"><span style=\"vertical-align: inherit;\">Das Auto hat ein attraktives, modernes Design und enth\u00e4lt eine Reihe fortschrittlicher Technologien wie einen 12,3-Zoll<\/span><\/span><\/span><\/span><\/span><\/span><\/span><\/span><\/p>\n<p><span style=\"vertical-align: inherit;\"><span style=\"vertical-align: inherit;\"><span style=\"vertical-align: inherit;\"><span style=\"vertical-align: inherit;\"><span style=\"vertical-align: inherit;\"><span style=\"vertical-align: inherit;\"><span style=\"vertical-align: inherit;\"><span style=\"vertical-align: inherit;\">Bildschirm, ein Navigationssystem, ein hochwertiges Audiosystem und eine intelligente Sprachsteuerung, die erkennt<\/span><\/span><\/span><\/span><\/span><\/span><\/span><\/span><\/p>\n<p><span style=\"vertical-align: inherit;\"><span style=\"vertical-align: inherit;\"><span style=\"vertical-align: inherit;\"><span style=\"vertical-align: inherit;\"><span style=\"vertical-align: inherit;\"><span style=\"vertical-align: inherit;\"><span style=\"vertical-align: inherit;\"><span style=\"vertical-align: inherit;\">Sprachbefehle.<\/span><\/span><\/span><\/span><\/span><\/span><\/span><\/span><\/p>\n<p><span style=\"vertical-align: inherit;\"><span style=\"vertical-align: inherit;\"><span style=\"vertical-align: inherit;\"><span style=\"vertical-align: inherit;\"><span style=\"vertical-align: inherit;\"><span style=\"vertical-align: inherit;\"><span style=\"vertical-align: inherit;\"><span style=\"vertical-align: inherit;\">Dar\u00fcber hinaus verf\u00fcgt das \u201eMercedes GLC Coup\u00e9\u201c \u00fcber\u00a0 <\/span><\/span><\/span><\/span><\/span><\/span><\/span><\/span><a href=\"https:\/\/en.wikipedia.org\/wiki\/Mercedes-Benz_GLC\"><span style=\"vertical-align: inherit;\"><span style=\"vertical-align: inherit;\"><span style=\"vertical-align: inherit;\"><span style=\"vertical-align: inherit;\"><span style=\"vertical-align: inherit;\"><span style=\"vertical-align: inherit;\"><span style=\"vertical-align: inherit;\"><span style=\"vertical-align: inherit;\">einen Allradantrieb<\/span><\/span><\/span><\/span><\/span><\/span><\/span><\/span><\/a><span style=\"vertical-align: inherit;\"><span style=\"vertical-align: inherit;\"><span style=\"vertical-align: inherit;\"><span style=\"vertical-align: inherit;\"><span style=\"vertical-align: inherit;\"><span style=\"vertical-align: inherit;\"><span style=\"vertical-align: inherit;\"><span style=\"vertical-align: inherit;\"> \u00a0, der es erm\u00f6glicht, sich reibungslos auf der Stra\u00dfe zu bewegen<\/span><\/span><\/span><\/span><\/span><\/span><\/span><\/span><\/p>\n<p><span style=\"vertical-align: inherit;\"><span style=\"vertical-align: inherit;\"><span style=\"vertical-align: inherit;\"><span style=\"vertical-align: inherit;\"><span style=\"vertical-align: inherit;\"><span style=\"vertical-align: inherit;\"><span style=\"vertical-align: inherit;\"><span style=\"vertical-align: inherit;\">Die robuste Einzelradaufh\u00e4ngung sorgt f\u00fcr eine komfortable und stabile Fahrt auf und abseits der Stra\u00dfe.<\/span><\/span><\/span><\/span><\/span><\/span><\/span><\/span><\/p>\n<p><span style=\"vertical-align: inherit;\"><span style=\"vertical-align: inherit;\"><span style=\"vertical-align: inherit;\"><span style=\"vertical-align: inherit;\"><span style=\"vertical-align: inherit;\"><span style=\"vertical-align: inherit;\"><span style=\"vertical-align: inherit;\"><span style=\"vertical-align: inherit;\">Insgesamt ist das Mercedes GLC Coup\u00e9 ein SUV, das Leistung, Komfort und fortschrittliche Technologie vereint.<\/span><\/span><\/span><\/span><\/span><\/span><\/span><\/span><\/p>\n<p><span style=\"vertical-align: inherit;\"><span style=\"vertical-align: inherit;\"><span style=\"vertical-align: inherit;\"><span style=\"vertical-align: inherit;\"><span style=\"vertical-align: inherit;\"><span style=\"vertical-align: inherit;\"><span style=\"vertical-align: inherit;\"><span style=\"vertical-align: inherit;\">Es ist f\u00fcr diejenigen geeignet, die ein luxuri\u00f6ses, modernes und vielseitiges Auto suchen.<\/span><\/span><\/span><\/span><\/span><\/span><\/span><\/span><\/p>\n<\/div>\n<\/div>\n<\/div>\n<div class=\"flex justify-between\">\n<div class=\"text-gray-400 flex self-end lg:self-center justify-center mt-2 gap-3 md:gap-4 lg:gap-1 lg:absolute lg:top-0 lg:translate-x-full lg:right-0 lg:mt-0 lg:pl-2 visible\">\n<h2 class=\"keyword-text _ngcontent-bjw-111 has-variants\" tabindex=\"-1\" role=\"button\" aria-label=\"mercedes benz glc coupe.  Dies ist das von Ihnen angegebene Schl\u00fcsselwort.\"><span class=\"keyword _ngcontent-bjw-111\" aria-hidden=\"false\"><span style=\"vertical-align: inherit;\"><span style=\"vertical-align: inherit;\"><span style=\"vertical-align: inherit;\"><span style=\"vertical-align: inherit;\"><span style=\"vertical-align: inherit;\"><span style=\"vertical-align: inherit;\"><span style=\"vertical-align: inherit;\"><span style=\"vertical-align: inherit;\">mercedes benz glc coupe<\/span><\/span><\/span><\/span><\/span><\/span><\/span><\/span><\/span><\/h2>\n<\/div>\n<\/div>\n<\/div>\n<\/div>\n<\/div>\n<div class=\"group w-full text-gray-800 dark:text-gray-100 border-b border-black\/10 dark:border-gray-900\/50 dark:bg-gray-800\">\n<div class=\"text-base gap-4 md:gap-6 md:max-w-2xl lg:max-w-2xl xl:max-w-3xl p-4 md:py-6 flex lg:px-0 m-auto\">\n<div class=\"w-[30px] flex flex-col relative items-end\">\n<div class=\"relative flex\"><img alt=\"\" aria-hidden=\"true\" \/><\/div>\n<\/div>\n<div class=\"relative flex w-[calc(100%-50px)] flex-col gap-1 md:gap-3 lg:w-[calc(100%-115px)]\">\n<div class=\"flex flex-grow flex-col gap-3\">\n<div class=\"min-h-[20px] flex flex-col items-start gap-4 whitespace-pre-wrap\"><strong><span style=\"vertical-align: inherit;\"><span style=\"vertical-align: inherit;\"><span style=\"vertical-align: inherit;\"><span style=\"vertical-align: inherit;\"><span style=\"vertical-align: inherit;\"><span style=\"vertical-align: inherit;\"><span style=\"vertical-align: inherit;\"><span style=\"vertical-align: inherit;\">\u00a0Praktikant<\/span><\/span><\/span><\/span><\/span><\/span><\/span><\/span><\/strong><\/div>\n<\/div>\n<div class=\"text-gray-400 flex self-end lg:self-center justify-center mt-2 gap-3 md:gap-4 lg:gap-1 lg:absolute lg:top-0 lg:translate-x-full lg:right-0 lg:mt-0 lg:pl-2 visible\"><\/div>\n<figure id=\"attachment_27360\" class=\"wp-caption alignnone\" aria-describedby=\"caption-attachment-27360\"><img decoding=\"async\" class=\"size-full wp-image-27360\" src=\"http:\/\/cargtr.com\/wp-content\/uploads\/2023\/03\/mercedes-glc-coupe.jpeg.webp\" sizes=\"(max-width: 459px) 100vw, 459px\" srcset=\"https:\/\/cargtr.com\/wp-content\/uploads\/2023\/03\/mercedes-glc-coupe.jpeg.webp 459w, https:\/\/cargtr.com\/wp-content\/uploads\/2023\/03\/mercedes-glc-coupe-300x188.jpeg.webp 300w\" alt=\"&lt;Bildunterschrift-ID=\" \/><span style=\"vertical-align: inherit;\"><span style=\"vertical-align: inherit;\"><span style=\"vertical-align: inherit;\"><span style=\"vertical-align: inherit;\"><span style=\"vertical-align: inherit;\"><span style=\"vertical-align: inherit;\"><span style=\"vertical-align: inherit;\"><span style=\"vertical-align: inherit;\">mercedes glc coupe<\/span><\/span><\/span><\/span><\/span><\/span><\/span><\/span><\/figure>\n<div class=\"flex justify-between\"><\/div>\n<\/div>\n<\/div>\n<\/div>\n<div class=\"group w-full text-gray-800 dark:text-gray-100 border-b border-black\/10 dark:border-gray-900\/50 bg-gray-50 dark:bg-[#444654]\">\n<div class=\"text-base gap-4 md:gap-6 md:max-w-2xl lg:max-w-2xl xl:max-w-3xl p-4 md:py-6 flex lg:px-0 m-auto\">\n<div class=\"w-[30px] flex flex-col relative items-end\">\n<div class=\"relative h-[30px] w-[30px] p-1 rounded-sm text-white flex items-center justify-center\"><\/div>\n<\/div>\n<div class=\"relative flex w-[calc(100%-50px)] flex-col gap-1 md:gap-3 lg:w-[calc(100%-115px)]\">\n<div class=\"flex flex-grow flex-col gap-3\">\n<div class=\"min-h-[20px] flex flex-col items-start gap-4 whitespace-pre-wrap\">\n<div class=\"markdown prose w-full break-words dark:prose-invert light\">\n<p><span style=\"vertical-align: inherit;\"><span style=\"vertical-align: inherit;\"><span style=\"vertical-align: inherit;\"><span style=\"vertical-align: inherit;\"><span style=\"vertical-align: inherit;\"><span style=\"vertical-align: inherit;\"><span style=\"vertical-align: inherit;\"><span style=\"vertical-align: inherit;\">Der Innenraum des Mercedes GLC Coup\u00e9 ist elegant, komfortabel und technologisch fortschrittlich, mit viel Platz f\u00fcr die vorderen und hinteren Passagiere.<\/span><\/span><\/span><\/span><\/span><\/span><\/span><\/span><\/p>\n<p><span style=\"vertical-align: inherit;\"><span style=\"vertical-align: inherit;\"><span style=\"vertical-align: inherit;\"><span style=\"vertical-align: inherit;\"><span style=\"vertical-align: inherit;\"><span style=\"vertical-align: inherit;\"><span style=\"vertical-align: inherit;\"><span style=\"vertical-align: inherit;\">Das Auto ist mit hochwertigen und sehr bequemen Sitzen erh\u00e4ltlich, die vollst\u00e4ndig eingestellt werden k\u00f6nnen, um die beste Sitzposition zu erreichen.<\/span><\/span><\/span><\/span><\/span><\/span><\/span><\/span><\/p>\n<p><span style=\"vertical-align: inherit;\"><span style=\"vertical-align: inherit;\"><span style=\"vertical-align: inherit;\"><span style=\"vertical-align: inherit;\"><span style=\"vertical-align: inherit;\"><span style=\"vertical-align: inherit;\"><span style=\"vertical-align: inherit;\"><span style=\"vertical-align: inherit;\">Das Auto hat auch ein gro\u00dfes Staufach im Kofferraum.<\/span><\/span><\/span><\/span><\/span><\/span><\/span><\/span><\/p>\n<p><span style=\"vertical-align: inherit;\"><span style=\"vertical-align: inherit;\"><span style=\"vertical-align: inherit;\"><span style=\"vertical-align: inherit;\"><span style=\"vertical-align: inherit;\"><span style=\"vertical-align: inherit;\"><span style=\"vertical-align: inherit;\"><span style=\"vertical-align: inherit;\">Das macht ihn ideal f\u00fcr lange Reisen.<\/span><\/span><\/span><\/span><\/span><\/span><\/span><\/span><\/p>\n<p><span style=\"vertical-align: inherit;\"><span style=\"vertical-align: inherit;\"><span style=\"vertical-align: inherit;\"><span style=\"vertical-align: inherit;\"><span style=\"vertical-align: inherit;\"><span style=\"vertical-align: inherit;\"><span style=\"vertical-align: inherit;\"><span style=\"vertical-align: inherit;\">Der Innenraum des Fahrzeugs verf\u00fcgt \u00fcber ein fortschrittliches Unterhaltungssystem, das einen 12,3-Zoll-Bildschirm und ein hochwertiges Soundsystem umfasst.<\/span><\/span><\/span><\/span><\/span><\/span><\/span><\/span><\/p>\n<p><span style=\"vertical-align: inherit;\"><span style=\"vertical-align: inherit;\"><span style=\"vertical-align: inherit;\"><span style=\"vertical-align: inherit;\"><span style=\"vertical-align: inherit;\"><span style=\"vertical-align: inherit;\"><span style=\"vertical-align: inherit;\"><span style=\"vertical-align: inherit;\">Auch verf\u00fcgbar<\/span><\/span><\/span><\/span><\/span><\/span><\/span><\/span><\/p>\n<p><span style=\"vertical-align: inherit;\"><span style=\"vertical-align: inherit;\"><span style=\"vertical-align: inherit;\"><span style=\"vertical-align: inherit;\"><span style=\"vertical-align: inherit;\"><span style=\"vertical-align: inherit;\"><span style=\"vertical-align: inherit;\"><span style=\"vertical-align: inherit;\">Ein intelligentes Sprachsteuerungssystem, das Sprachbefehle erkennt und die Steuerung des Infotainmentsystems einfach und bequem macht.<\/span><\/span><\/span><\/span><\/span><\/span><\/span><\/span><\/p>\n<p><span style=\"vertical-align: inherit;\"><span style=\"vertical-align: inherit;\"><span style=\"vertical-align: inherit;\"><span style=\"vertical-align: inherit;\"><span style=\"vertical-align: inherit;\"><span style=\"vertical-align: inherit;\"><span style=\"vertical-align: inherit;\"><span style=\"vertical-align: inherit;\">Auch der Innenraum verf\u00fcgt \u00fcber eine Drei-Zonen-Klimaanlage.<\/span><\/span><\/span><\/span><\/span><\/span><\/span><\/span><\/p>\n<p><span style=\"vertical-align: inherit;\"><span style=\"vertical-align: inherit;\"><span style=\"vertical-align: inherit;\"><span style=\"vertical-align: inherit;\"><span style=\"vertical-align: inherit;\"><span style=\"vertical-align: inherit;\"><span style=\"vertical-align: inherit;\"><span style=\"vertical-align: inherit;\">Ein mehrfarbiges Innenbeleuchtungssystem und ein Mehrradsystem<\/span><\/span><\/span><\/span><\/span><\/span><\/span><\/span><\/p>\n<p><span style=\"vertical-align: inherit;\"><span style=\"vertical-align: inherit;\"><span style=\"vertical-align: inherit;\"><span style=\"vertical-align: inherit;\"><span style=\"vertical-align: inherit;\"><span style=\"vertical-align: inherit;\"><span style=\"vertical-align: inherit;\"><span style=\"vertical-align: inherit;\">Funktionen, USB-Anschl\u00fcsse und Smartphone-Ladeanschl\u00fcsse.<\/span><\/span><\/span><\/span><\/span><\/span><\/span><\/span><\/p>\n<p><span style=\"vertical-align: inherit;\"><span style=\"vertical-align: inherit;\"><span style=\"vertical-align: inherit;\"><span style=\"vertical-align: inherit;\"><span style=\"vertical-align: inherit;\"><span style=\"vertical-align: inherit;\"><span style=\"vertical-align: inherit;\"><span style=\"vertical-align: inherit;\">Generell zeichnet sich das Interieur des \u201eMercedes GLC Coup\u00e9\u201c durch ein modernes und elegantes Design aus<\/span><\/span><\/span><\/span><\/span><\/span><\/span><\/span><\/p>\n<p><span style=\"vertical-align: inherit;\"><span style=\"vertical-align: inherit;\"><span style=\"vertical-align: inherit;\"><span style=\"vertical-align: inherit;\"><span style=\"vertical-align: inherit;\"><span style=\"vertical-align: inherit;\"><span style=\"vertical-align: inherit;\"><span style=\"vertical-align: inherit;\">verbindet Komfort und fortschrittliche Technologie zu einem unverwechselbar komfortablen Fahrerlebnis.<\/span><\/span><\/span><\/span><\/span><\/span><\/span><\/span><\/p>\n<\/div>\n<\/div>\n<\/div>\n<div class=\"flex justify-between\">\n<div class=\"text-gray-400 flex self-end lg:self-center justify-center mt-2 gap-3 md:gap-4 lg:gap-1 lg:absolute lg:top-0 lg:translate-x-full lg:right-0 lg:mt-0 lg:pl-2 visible\"><\/div>\n<\/div>\n<\/div>\n<\/div>\n<\/div>\n<div class=\"group w-full text-gray-800 dark:text-gray-100 border-b border-black\/10 dark:border-gray-900\/50 dark:bg-gray-800\">\n<div class=\"text-base gap-4 md:gap-6 md:max-w-2xl lg:max-w-2xl xl:max-w-3xl p-4 md:py-6 flex lg:px-0 m-auto\">\n<div class=\"w-[30px] flex flex-col relative items-end\">\n<div class=\"relative flex\"><strong><img alt=\"\" aria-hidden=\"true\" \/><span style=\"vertical-align: inherit;\"><span style=\"vertical-align: inherit;\"><span style=\"vertical-align: inherit;\"><span style=\"vertical-align: inherit;\"><span style=\"vertical-align: inherit;\"><span style=\"vertical-align: inherit;\"><span style=\"vertical-align: inherit;\"><span style=\"vertical-align: inherit;\">\u00a0der Motor<\/span><\/span><\/span><\/span><\/span><\/span><\/span><\/span><\/strong><\/div>\n<\/div>\n<div class=\"relative flex w-[calc(100%-50px)] flex-col gap-1 md:gap-3 lg:w-[calc(100%-115px)]\">\n<div class=\"text-gray-400 flex self-end lg:self-center justify-center mt-2 gap-3 md:gap-4 lg:gap-1 lg:absolute lg:top-0 lg:translate-x-full lg:right-0 lg:mt-0 lg:pl-2 visible\"><\/div>\n<div class=\"flex justify-between\">\n<figure id=\"attachment_27371\" class=\"wp-caption alignnone\" aria-describedby=\"caption-attachment-27371\"><img decoding=\"async\" class=\"size-full wp-image-27371\" src=\"http:\/\/cargtr.com\/wp-content\/uploads\/2023\/03\/mercedes-glc-coupe-3.jpg.webp\" sizes=\"(max-width: 1091px) 100vw, 1091px\" srcset=\"https:\/\/cargtr.com\/wp-content\/uploads\/2023\/03\/mercedes-glc-coupe-3.jpg.webp 1091w, https:\/\/cargtr.com\/wp-content\/uploads\/2023\/03\/mercedes-glc-coupe-3-300x200.jpg.webp 300w, https:\/\/cargtr.com\/wp-content\/uploads\/2023\/03\/mercedes-glc-coupe-3-1024x683.jpg.webp 1024w, https:\/\/cargtr.com\/wp-content\/uploads\/2023\/03\/mercedes-glc-coupe-3-768x512.jpg.webp 768w\" alt=\"&lt;Bildunterschrift-ID=\" \/><span style=\"vertical-align: inherit;\"><span style=\"vertical-align: inherit;\"><span style=\"vertical-align: inherit;\"><span style=\"vertical-align: inherit;\"><span style=\"vertical-align: inherit;\"><span style=\"vertical-align: inherit;\"><span style=\"vertical-align: inherit;\"><span style=\"vertical-align: inherit;\">mercedes glc coupe<\/span><\/span><\/span><\/span><\/span><\/span><\/span><\/span><\/figure>\n<\/div>\n<\/div>\n<\/div>\n<\/div>\n<div class=\"group w-full text-gray-800 dark:text-gray-100 border-b border-black\/10 dark:border-gray-900\/50 bg-gray-50 dark:bg-[#444654]\">\n<div class=\"text-base gap-4 md:gap-6 md:max-w-2xl lg:max-w-2xl xl:max-w-3xl p-4 md:py-6 flex lg:px-0 m-auto\">\n<div class=\"w-[30px] flex flex-col relative items-end\">\n<div class=\"relative h-[30px] w-[30px] p-1 rounded-sm text-white flex items-center justify-center\"><\/div>\n<\/div>\n<div class=\"relative flex w-[calc(100%-50px)] flex-col gap-1 md:gap-3 lg:w-[calc(100%-115px)]\">\n<div class=\"flex flex-grow flex-col gap-3\">\n<div class=\"min-h-[20px] flex flex-col items-start gap-4 whitespace-pre-wrap\">\n<div class=\"markdown prose w-full break-words dark:prose-invert light\">\n<p><span style=\"vertical-align: inherit;\"><span style=\"vertical-align: inherit;\"><span style=\"vertical-align: inherit;\"><span style=\"vertical-align: inherit;\"><span style=\"vertical-align: inherit;\"><span style=\"vertical-align: inherit;\"><span style=\"vertical-align: inherit;\"><span style=\"vertical-align: inherit;\">Das Mercedes GLC Coup\u00e9 ist mit verschiedenen Motoroptionen erh\u00e4ltlich, von denen jede eine hervorragende Leistung und eine hervorragende Kraftstoffeffizienz bietet.<\/span><\/span><\/span><\/span><\/span><\/span><\/span><\/span><\/p>\n<p><span style=\"vertical-align: inherit;\"><span style=\"vertical-align: inherit;\"><span style=\"vertical-align: inherit;\"><span style=\"vertical-align: inherit;\"><span style=\"vertical-align: inherit;\"><span style=\"vertical-align: inherit;\"><span style=\"vertical-align: inherit;\"><span style=\"vertical-align: inherit;\">Der Basismotor des Autos ist ein 2,0-Liter-4-Zylinder-Motor mit 255 PS, der sich durch schnelle Beschleunigung und Kraft auszeichnet.<\/span><\/span><\/span><\/span><\/span><\/span><\/span><\/span><\/p>\n<p><span style=\"vertical-align: inherit;\"><span style=\"vertical-align: inherit;\"><span style=\"vertical-align: inherit;\"><span style=\"vertical-align: inherit;\"><span style=\"vertical-align: inherit;\"><span style=\"vertical-align: inherit;\"><span style=\"vertical-align: inherit;\"><span style=\"vertical-align: inherit;\">Au\u00dfergew\u00f6hnliche Dynamik.<\/span><\/span><\/span><\/span><\/span><\/span><\/span><\/span><\/p>\n<p><span style=\"vertical-align: inherit;\"><span style=\"vertical-align: inherit;\"><span style=\"vertical-align: inherit;\"><span style=\"vertical-align: inherit;\"><span style=\"vertical-align: inherit;\"><span style=\"vertical-align: inherit;\"><span style=\"vertical-align: inherit;\"><span style=\"vertical-align: inherit;\">Andere Motoroptionen sind ebenfalls erh\u00e4ltlich, wie z. <\/span><\/span><\/span><\/span><\/span><span style=\"vertical-align: inherit;\"><span style=\"vertical-align: inherit;\"><span style=\"vertical-align: inherit;\"><span style=\"vertical-align: inherit;\"><span style=\"vertical-align: inherit;\">B. ein 3,0-Liter-6-Zylinder-Motor mit 385 PS und ein 2,0-Liter-4-Zylinder-Motor.<\/span><\/span><\/span><\/span><\/span><\/span><\/span><\/span><\/p>\n<p><span style=\"vertical-align: inherit;\"><span style=\"vertical-align: inherit;\"><span style=\"vertical-align: inherit;\"><span style=\"vertical-align: inherit;\"><span style=\"vertical-align: inherit;\"><span style=\"vertical-align: inherit;\"><span style=\"vertical-align: inherit;\"><span style=\"vertical-align: inherit;\">Er arbeitet mit Mild-Hybrid-Technologie und leistet 315 PS.<\/span><\/span><\/span><\/span><\/span><\/span><\/span><\/span><\/p>\n<p><span style=\"vertical-align: inherit;\"><span style=\"vertical-align: inherit;\"><span style=\"vertical-align: inherit;\"><span style=\"vertical-align: inherit;\"><span style=\"vertical-align: inherit;\"><span style=\"vertical-align: inherit;\"><span style=\"vertical-align: inherit;\"><span style=\"vertical-align: inherit;\">Alle Motoren sind mit einem 9-Gang-Automatikgetriebe gekoppelt, das das Fahren des Fahrzeugs einfach und komfortabel macht.<\/span><\/span><\/span><\/span><\/span><\/span><\/span><\/span><\/p>\n<p><span style=\"vertical-align: inherit;\"><span style=\"vertical-align: inherit;\"><span style=\"vertical-align: inherit;\"><span style=\"vertical-align: inherit;\"><span style=\"vertical-align: inherit;\"><span style=\"vertical-align: inherit;\"><span style=\"vertical-align: inherit;\"><span style=\"vertical-align: inherit;\">Insgesamt zeichnet sich das \u201eMercedes GLC Coup\u00e9\u201c durch starke und laufruhige Fahrleistungen aus und bietet eine<\/span><\/span><\/span><\/span><\/span><\/span><\/span><\/span><\/p>\n<p><span style=\"vertical-align: inherit;\"><span style=\"vertical-align: inherit;\"><span style=\"vertical-align: inherit;\"><span style=\"vertical-align: inherit;\"><span style=\"vertical-align: inherit;\"><span style=\"vertical-align: inherit;\"><span style=\"vertical-align: inherit;\"><span style=\"vertical-align: inherit;\">unverwechselbares und komfortables Fahrerlebnis in jeder Hinsicht.<\/span><\/span><\/span><\/span><\/span><\/span><\/span><\/span><\/p>\n<p><span style=\"vertical-align: inherit;\"><span style=\"vertical-align: inherit;\"><span style=\"vertical-align: inherit;\"><span style=\"vertical-align: inherit;\"><span style=\"vertical-align: inherit;\"><span style=\"vertical-align: inherit;\"><span style=\"vertical-align: inherit;\"><span style=\"vertical-align: inherit;\">Unterschiedliche Wetterbedingungen und Stra\u00dfen.<\/span><\/span><\/span><\/span><\/span><\/span><\/span><\/span><\/p>\n<\/div>\n<\/div>\n<\/div>\n<\/div>\n<\/div>\n<\/div>\n<\/article>\n<\/div>\n<\/div>\n","protected":false},"excerpt":{"rendered":"<p>mercedes glc coupe \u00a0mercedes glc coupe mercedes glc coupe 2024 Mercedes-Benz GLC Coup\u00e9, &nbsp; Die neue Generation, &nbsp; vielseitige Coup\u00e9-Karosserie. Ein Mustersch\u00fcler fragt nach einer Schr\u00e4gdach-Version wie beim neuen Mercedes-Benz GLC Coup\u00e9 &nbsp; Oder folgen Sie nicht dem regul\u00e4ren GLC, der letztes Jahr eingef\u00fchrt wurde. mercedes glc coupe Heute ist die Formel, auf die man &hellip;<\/p>\n","protected":false},"author":6,"featured_media":26575,"comment_status":"open","ping_status":"open","sticky":false,"template":"","format":"standard","meta":{"footnotes":""},"categories":[196],"tags":[10157],"class_list":["post-26583","post","type-post","status-publish","format-standard","has-post-thumbnail","hentry","category-die-autos","tag-mercedes-glc-coupe-de"],"yoast_head":"<!-- This site is optimized with the Yoast SEO plugin v25.4 - https:\/\/yoast.com\/wordpress\/plugins\/seo\/ -->\n<title>mercedes glc coupe - zdmaa<\/title>\n<meta name=\"description\" content=\"mercedes glc coupe Today, the formula for waiting when the Tra Dao camp releases a new generation The official Mercedes-Benz GLC Coupe C254\" \/>\n<meta name=\"robots\" content=\"index, follow, max-snippet:-1, max-image-preview:large, max-video-preview:-1\" \/>\n<link rel=\"canonical\" href=\"https:\/\/zdmaa.com\/de\/mercedes-glc-coupe\/\" \/>\n<meta property=\"og:locale\" content=\"de_DE\" \/>\n<meta property=\"og:type\" content=\"article\" \/>\n<meta property=\"og:title\" content=\"mercedes glc coupe - zdmaa\" \/>\n<meta property=\"og:description\" content=\"mercedes glc coupe Today, the formula for waiting when the Tra Dao camp releases a new generation The official Mercedes-Benz GLC Coupe C254\" \/>\n<meta property=\"og:url\" content=\"https:\/\/zdmaa.com\/de\/mercedes-glc-coupe\/\" \/>\n<meta property=\"og:site_name\" content=\"zdmaa\" \/>\n<meta property=\"article:published_time\" content=\"2023-03-23T13:46:55+00:00\" \/>\n<meta property=\"article:modified_time\" content=\"2023-03-23T13:59:11+00:00\" \/>\n<meta property=\"og:image\" content=\"https:\/\/zdmaa.com\/wp-content\/uploads\/2023\/03\/mercedes-glc-coupe.jpg\" \/>\n\t<meta property=\"og:image:width\" content=\"700\" \/>\n\t<meta property=\"og:image:height\" content=\"336\" \/>\n\t<meta property=\"og:image:type\" content=\"image\/jpeg\" \/>\n<meta name=\"author\" content=\"eymen\" \/>\n<meta name=\"twitter:card\" content=\"summary_large_image\" \/>\n<meta name=\"twitter:label1\" content=\"Verfasst von\" \/>\n\t<meta name=\"twitter:data1\" content=\"eymen\" \/>\n\t<meta name=\"twitter:label2\" content=\"Gesch\u00e4tzte Lesezeit\" \/>\n\t<meta name=\"twitter:data2\" content=\"5\u00a0Minuten\" \/>\n<script type=\"application\/ld+json\" class=\"yoast-schema-graph\">{\"@context\":\"https:\/\/schema.org\",\"@graph\":[{\"@type\":\"WebPage\",\"@id\":\"https:\/\/zdmaa.com\/de\/mercedes-glc-coupe\/\",\"url\":\"https:\/\/zdmaa.com\/de\/mercedes-glc-coupe\/\",\"name\":\"mercedes glc coupe - zdmaa\",\"isPartOf\":{\"@id\":\"https:\/\/zdmaa.com\/de\/ro\/#website\"},\"primaryImageOfPage\":{\"@id\":\"https:\/\/zdmaa.com\/de\/mercedes-glc-coupe\/#primaryimage\"},\"image\":{\"@id\":\"https:\/\/zdmaa.com\/de\/mercedes-glc-coupe\/#primaryimage\"},\"thumbnailUrl\":\"https:\/\/zdmaa.com\/wp-content\/uploads\/2023\/03\/mercedes-glc-coupe.jpg\",\"datePublished\":\"2023-03-23T13:46:55+00:00\",\"dateModified\":\"2023-03-23T13:59:11+00:00\",\"author\":{\"@id\":\"https:\/\/zdmaa.com\/de\/ro\/#\/schema\/person\/cffaaae821b6149c61414b13ebb333a7\"},\"description\":\"mercedes glc coupe Today, the formula for waiting when the Tra Dao camp releases a new generation The official Mercedes-Benz GLC Coupe C254\",\"breadcrumb\":{\"@id\":\"https:\/\/zdmaa.com\/de\/mercedes-glc-coupe\/#breadcrumb\"},\"inLanguage\":\"de\",\"potentialAction\":[{\"@type\":\"ReadAction\",\"target\":[\"https:\/\/zdmaa.com\/de\/mercedes-glc-coupe\/\"]}]},{\"@type\":\"ImageObject\",\"inLanguage\":\"de\",\"@id\":\"https:\/\/zdmaa.com\/de\/mercedes-glc-coupe\/#primaryimage\",\"url\":\"https:\/\/zdmaa.com\/wp-content\/uploads\/2023\/03\/mercedes-glc-coupe.jpg\",\"contentUrl\":\"https:\/\/zdmaa.com\/wp-content\/uploads\/2023\/03\/mercedes-glc-coupe.jpg\",\"width\":700,\"height\":336,\"caption\":\"mercedes glc coupe\"},{\"@type\":\"BreadcrumbList\",\"@id\":\"https:\/\/zdmaa.com\/de\/mercedes-glc-coupe\/#breadcrumb\",\"itemListElement\":[{\"@type\":\"ListItem\",\"position\":1,\"name\":\"\u0627\u0644\u0631\u0626\u064a\u0633\u064a\u0629\",\"item\":\"https:\/\/zdmaa.com\/de\/\"},{\"@type\":\"ListItem\",\"position\":2,\"name\":\"mercedes glc coupe\"}]},{\"@type\":\"WebSite\",\"@id\":\"https:\/\/zdmaa.com\/de\/ro\/#website\",\"url\":\"https:\/\/zdmaa.com\/de\/ro\/\",\"name\":\"zdmaa\",\"description\":\"zdmaa\",\"potentialAction\":[{\"@type\":\"SearchAction\",\"target\":{\"@type\":\"EntryPoint\",\"urlTemplate\":\"https:\/\/zdmaa.com\/de\/ro\/?s={search_term_string}\"},\"query-input\":{\"@type\":\"PropertyValueSpecification\",\"valueRequired\":true,\"valueName\":\"search_term_string\"}}],\"inLanguage\":\"de\"},{\"@type\":\"Person\",\"@id\":\"https:\/\/zdmaa.com\/de\/ro\/#\/schema\/person\/cffaaae821b6149c61414b13ebb333a7\",\"name\":\"eymen\",\"image\":{\"@type\":\"ImageObject\",\"inLanguage\":\"de\",\"@id\":\"https:\/\/zdmaa.com\/de\/ro\/#\/schema\/person\/image\/\",\"url\":\"https:\/\/zdmaa.com\/wp-content\/litespeed\/avatar\/0067383438e41fa4c4b4fafeea3c919b.jpg?ver=1777164517\",\"contentUrl\":\"https:\/\/zdmaa.com\/wp-content\/litespeed\/avatar\/0067383438e41fa4c4b4fafeea3c919b.jpg?ver=1777164517\",\"caption\":\"eymen\"},\"url\":\"https:\/\/zdmaa.com\/de\/author\/eymen\/\"}]}<\/script>\n<!-- \/ Yoast SEO plugin. -->","yoast_head_json":{"title":"mercedes glc coupe - zdmaa","description":"mercedes glc coupe Today, the formula for waiting when the Tra Dao camp releases a new generation The official Mercedes-Benz GLC Coupe C254","robots":{"index":"index","follow":"follow","max-snippet":"max-snippet:-1","max-image-preview":"max-image-preview:large","max-video-preview":"max-video-preview:-1"},"canonical":"https:\/\/zdmaa.com\/de\/mercedes-glc-coupe\/","og_locale":"de_DE","og_type":"article","og_title":"mercedes glc coupe - zdmaa","og_description":"mercedes glc coupe Today, the formula for waiting when the Tra Dao camp releases a new generation The official Mercedes-Benz GLC Coupe C254","og_url":"https:\/\/zdmaa.com\/de\/mercedes-glc-coupe\/","og_site_name":"zdmaa","article_published_time":"2023-03-23T13:46:55+00:00","article_modified_time":"2023-03-23T13:59:11+00:00","og_image":[{"width":700,"height":336,"url":"https:\/\/zdmaa.com\/wp-content\/uploads\/2023\/03\/mercedes-glc-coupe.jpg","type":"image\/jpeg"}],"author":"eymen","twitter_card":"summary_large_image","twitter_misc":{"Verfasst von":"eymen","Gesch\u00e4tzte Lesezeit":"5\u00a0Minuten"},"schema":{"@context":"https:\/\/schema.org","@graph":[{"@type":"WebPage","@id":"https:\/\/zdmaa.com\/de\/mercedes-glc-coupe\/","url":"https:\/\/zdmaa.com\/de\/mercedes-glc-coupe\/","name":"mercedes glc coupe - zdmaa","isPartOf":{"@id":"https:\/\/zdmaa.com\/de\/ro\/#website"},"primaryImageOfPage":{"@id":"https:\/\/zdmaa.com\/de\/mercedes-glc-coupe\/#primaryimage"},"image":{"@id":"https:\/\/zdmaa.com\/de\/mercedes-glc-coupe\/#primaryimage"},"thumbnailUrl":"https:\/\/zdmaa.com\/wp-content\/uploads\/2023\/03\/mercedes-glc-coupe.jpg","datePublished":"2023-03-23T13:46:55+00:00","dateModified":"2023-03-23T13:59:11+00:00","author":{"@id":"https:\/\/zdmaa.com\/de\/ro\/#\/schema\/person\/cffaaae821b6149c61414b13ebb333a7"},"description":"mercedes glc coupe Today, the formula for waiting when the Tra Dao camp releases a new generation The official Mercedes-Benz GLC Coupe C254","breadcrumb":{"@id":"https:\/\/zdmaa.com\/de\/mercedes-glc-coupe\/#breadcrumb"},"inLanguage":"de","potentialAction":[{"@type":"ReadAction","target":["https:\/\/zdmaa.com\/de\/mercedes-glc-coupe\/"]}]},{"@type":"ImageObject","inLanguage":"de","@id":"https:\/\/zdmaa.com\/de\/mercedes-glc-coupe\/#primaryimage","url":"https:\/\/zdmaa.com\/wp-content\/uploads\/2023\/03\/mercedes-glc-coupe.jpg","contentUrl":"https:\/\/zdmaa.com\/wp-content\/uploads\/2023\/03\/mercedes-glc-coupe.jpg","width":700,"height":336,"caption":"mercedes glc coupe"},{"@type":"BreadcrumbList","@id":"https:\/\/zdmaa.com\/de\/mercedes-glc-coupe\/#breadcrumb","itemListElement":[{"@type":"ListItem","position":1,"name":"\u0627\u0644\u0631\u0626\u064a\u0633\u064a\u0629","item":"https:\/\/zdmaa.com\/de\/"},{"@type":"ListItem","position":2,"name":"mercedes glc coupe"}]},{"@type":"WebSite","@id":"https:\/\/zdmaa.com\/de\/ro\/#website","url":"https:\/\/zdmaa.com\/de\/ro\/","name":"zdmaa","description":"zdmaa","potentialAction":[{"@type":"SearchAction","target":{"@type":"EntryPoint","urlTemplate":"https:\/\/zdmaa.com\/de\/ro\/?s={search_term_string}"},"query-input":{"@type":"PropertyValueSpecification","valueRequired":true,"valueName":"search_term_string"}}],"inLanguage":"de"},{"@type":"Person","@id":"https:\/\/zdmaa.com\/de\/ro\/#\/schema\/person\/cffaaae821b6149c61414b13ebb333a7","name":"eymen","image":{"@type":"ImageObject","inLanguage":"de","@id":"https:\/\/zdmaa.com\/de\/ro\/#\/schema\/person\/image\/","url":"https:\/\/zdmaa.com\/wp-content\/litespeed\/avatar\/0067383438e41fa4c4b4fafeea3c919b.jpg?ver=1777164517","contentUrl":"https:\/\/zdmaa.com\/wp-content\/litespeed\/avatar\/0067383438e41fa4c4b4fafeea3c919b.jpg?ver=1777164517","caption":"eymen"},"url":"https:\/\/zdmaa.com\/de\/author\/eymen\/"}]}},"_links":{"self":[{"href":"https:\/\/zdmaa.com\/de\/wp-json\/wp\/v2\/posts\/26583","targetHints":{"allow":["GET"]}}],"collection":[{"href":"https:\/\/zdmaa.com\/de\/wp-json\/wp\/v2\/posts"}],"about":[{"href":"https:\/\/zdmaa.com\/de\/wp-json\/wp\/v2\/types\/post"}],"author":[{"embeddable":true,"href":"https:\/\/zdmaa.com\/de\/wp-json\/wp\/v2\/users\/6"}],"replies":[{"embeddable":true,"href":"https:\/\/zdmaa.com\/de\/wp-json\/wp\/v2\/comments?post=26583"}],"version-history":[{"count":2,"href":"https:\/\/zdmaa.com\/de\/wp-json\/wp\/v2\/posts\/26583\/revisions"}],"predecessor-version":[{"id":26594,"href":"https:\/\/zdmaa.com\/de\/wp-json\/wp\/v2\/posts\/26583\/revisions\/26594"}],"wp:featuredmedia":[{"embeddable":true,"href":"https:\/\/zdmaa.com\/de\/wp-json\/wp\/v2\/media\/26575"}],"wp:attachment":[{"href":"https:\/\/zdmaa.com\/de\/wp-json\/wp\/v2\/media?parent=26583"}],"wp:term":[{"taxonomy":"category","embeddable":true,"href":"https:\/\/zdmaa.com\/de\/wp-json\/wp\/v2\/categories?post=26583"},{"taxonomy":"post_tag","embeddable":true,"href":"https:\/\/zdmaa.com\/de\/wp-json\/wp\/v2\/tags?post=26583"}],"curies":[{"name":"wp","href":"https:\/\/api.w.org\/{rel}","templated":true}]}}