{"id":17555,"date":"2022-01-06T01:14:50","date_gmt":"2022-01-05T22:14:50","guid":{"rendered":"https:\/\/zdmaa.com\/cancer-fatigue-common-complaint-among-cancer-patients\/"},"modified":"2022-01-06T11:05:48","modified_gmt":"2022-01-06T08:05:48","slug":"cancer-fatigue-common-complaint-among-cancer-patients","status":"publish","type":"post","link":"https:\/\/zdmaa.com\/es\/cancer-fatigue-common-complaint-among-cancer-patients\/","title":{"rendered":"Fatiga por c\u00e1ncer: una queja com\u00fan entre los pacientes con c\u00e1ncer"},"content":{"rendered":"<p><span style=\"vertical-align: inherit;\"><span style=\"vertical-align: inherit;\"><span style=\"vertical-align: inherit;\"><span class=\"\" style=\"vertical-align: inherit;\">Fatiga por c\u00e1ncer: una queja com\u00fan entre los pacientes con c\u00e1ncer<\/span><\/span><\/span><\/span><\/p>\n<div>\n<p><span style=\"vertical-align: inherit;\"><span style=\"vertical-align: inherit;\">Cuando por lo dem\u00e1s est\u00e1 sano y tiene problemas para mantener los ojos abiertos en una reuni\u00f3n vespertina, una o dos horas m\u00e1s de sue\u00f1o pueden ser todo lo que se necesita para reponer su energ\u00eda. <\/span><span style=\"vertical-align: inherit;\">Sin embargo, cuando tiene c\u00e1ncer, el descanso no suele ser suficiente. <\/span><span style=\"vertical-align: inherit;\">Incluso despu\u00e9s de algunas noches m\u00e1s de sue\u00f1o, muchos pacientes con c\u00e1ncer todav\u00eda se sienten cansados \u200b\u200be incapaces de completar sus actividades diarias normales.<\/span><\/span><\/p>\n<p><span style=\"vertical-align: inherit;\"><span style=\"vertical-align: inherit;\">Si le resulta familiar, puede significar que est\u00e1 muy cansado. <\/span><span style=\"vertical-align: inherit;\">Si es como la mayor\u00eda de los pacientes con c\u00e1ncer, es posible que tenga un caso cl\u00ednico de fatiga. <\/span><span style=\"vertical-align: inherit;\">Seg\u00fan el Instituto Nacional del C\u00e1ncer, la fatiga es el efecto secundario m\u00e1s com\u00fan del tratamiento del c\u00e1ncer, y es particularmente com\u00fan y duradero entre los pacientes que son mayores, tienen c\u00e1ncer avanzado o est\u00e1n recibiendo m\u00e1s de un tipo de tratamiento.<\/span><\/span><\/p>\n<p><span style=\"vertical-align: inherit;\"><span style=\"vertical-align: inherit;\">Al principio del tratamiento, muchos pacientes con c\u00e1ncer ya est\u00e1n emocional y f\u00edsicamente agotados por el diagn\u00f3stico, los ex\u00e1menes m\u00e9dicos y, para algunos, la cirug\u00eda inicial. <\/span><span style=\"vertical-align: inherit;\">Una vez que se inicia el tratamiento, esta lentitud puede aumentar hasta llegar a la fatiga total. <\/span><span style=\"vertical-align: inherit;\">A diferencia de los episodios de agotamiento o fatiga situacional, el agotamiento se caracteriza por una falta persistente de energ\u00eda y \/ o debilidad. <\/span><span style=\"vertical-align: inherit;\">Piense en ese viaje de compras que de repente parece demasiado dif\u00edcil de manejar. <\/span><span style=\"vertical-align: inherit;\">Una condici\u00f3n que puede afectarlo en cualquier momento durante su viaje por el c\u00e1ncer, la fatiga puede desarrollarse porque su tratamiento causa n\u00e1useas y v\u00f3mitos, lo que agota los niveles de vitaminas y nutrientes. <\/span><span style=\"vertical-align: inherit;\">O puede comenzar porque est\u00e1 perdiendo peso o masa muscular. <\/span><span style=\"vertical-align: inherit;\">Tambi\u00e9n puede deberse al dolor o la incapacidad para moverse tanto como antes.<\/span><\/span><\/p>\n<h2><span style=\"vertical-align: inherit;\"><span style=\"vertical-align: inherit;\">Calibraci\u00f3n de intensidad<\/span><\/span><\/h2>\n<p><span style=\"vertical-align: inherit;\"><span style=\"vertical-align: inherit;\">Para diagnosticar la fatiga, es probable que su m\u00e9dico le haga preguntas para ver c\u00f3mo su falta de energ\u00eda afecta su calidad de vida. <\/span><span style=\"vertical-align: inherit;\">Estas preguntas pueden medir la gravedad de ciertos s\u00edntomas que tambi\u00e9n puede tener, como:<\/span><\/span><\/p>\n<ul>\n<li><span style=\"vertical-align: inherit;\"><span style=\"vertical-align: inherit;\">dolor<\/span><\/span><\/li>\n<li><span style=\"vertical-align: inherit;\"><span style=\"vertical-align: inherit;\">letargo<\/span><\/span><\/li>\n<li><span style=\"vertical-align: inherit;\"><span style=\"vertical-align: inherit;\">Trastornos del sue\u00f1o<\/span><\/span><\/li>\n<li><span style=\"vertical-align: inherit;\"><span style=\"vertical-align: inherit;\">n\u00e1usea<\/span><\/span><\/li>\n<li><span style=\"vertical-align: inherit;\"><span style=\"vertical-align: inherit;\">somnolencia<\/span><\/span><\/li>\n<li><span style=\"vertical-align: inherit;\"><span style=\"vertical-align: inherit;\">falta de apetito<\/span><\/span><\/li>\n<li><span style=\"vertical-align: inherit;\"><span style=\"vertical-align: inherit;\">Sadnes<\/span><\/span><\/li>\n<li><span style=\"vertical-align: inherit;\"><span style=\"vertical-align: inherit;\">entumecimiento u hormigueo<\/span><\/span><\/li>\n<li><span style=\"vertical-align: inherit;\"><span style=\"vertical-align: inherit;\">vomitando<\/span><\/span><\/li>\n<\/ul>\n<p><span style=\"vertical-align: inherit;\"><span style=\"vertical-align: inherit;\">Es posible que su m\u00e9dico tambi\u00e9n quiera saber si sus s\u00edntomas han afectado:<\/span><\/span><\/p>\n<ul>\n<li><span style=\"vertical-align: inherit;\"><span style=\"vertical-align: inherit;\">alegrarse<\/span><\/span><\/li>\n<li><span style=\"vertical-align: inherit;\"><span style=\"vertical-align: inherit;\">Productividad en el trabajo<\/span><\/span><\/li>\n<li><span style=\"vertical-align: inherit;\"><span style=\"vertical-align: inherit;\">Interacciones sociales con otros<\/span><\/span><\/li>\n<li><span style=\"vertical-align: inherit;\"><span style=\"vertical-align: inherit;\">disfruta la vida<\/span><\/span><\/li>\n<\/ul>\n<p><span style=\"vertical-align: inherit;\"><span style=\"vertical-align: inherit;\">Si no se trata, la fatiga puede provocar depresi\u00f3n, lo que puede afectar su capacidad para continuar con su r\u00e9gimen de tratamiento. <\/span><span style=\"vertical-align: inherit;\">Si no tiene suficiente energ\u00eda para cocinar comidas saludables para usted, por ejemplo, puede experimentar un aumento de peso involuntario, lo que puede hacer que se sienta deprimido y desinteresado en actividades que alguna vez disfrut\u00f3. <\/span><span style=\"vertical-align: inherit;\">Un efecto domin\u00f3 puede enfermarlo o debilitarlo demasiado para continuar con el tratamiento. <\/span><span style=\"vertical-align: inherit;\">\u00abCuando se siente fatigado, tiende a gravitar hacia alimentos que son f\u00e1ciles de preparar, como comida r\u00e1pida o alimentos altamente procesados\u00bb, dice Crystal Langlois, MD, director de nutrici\u00f3n en nuestro hospital cerca de Atlanta. <\/span><span style=\"vertical-align: inherit;\">\u00abAunque los alimentos saludables pueden tardar m\u00e1s en prepararse, en realidad te hacen sentir mejor\u00bb,<\/span><\/span><\/p>\n<h2><span style=\"vertical-align: inherit;\"><span style=\"vertical-align: inherit;\">El papel del ejercicio<\/span><\/span><\/h2>\n<p><span style=\"vertical-align: inherit;\"><span style=\"vertical-align: inherit;\">Lo mismo se aplica cuando no tienes suficiente energ\u00eda para ir al gimnasio. <\/span><span style=\"vertical-align: inherit;\">Si no hace ejercicio, es m\u00e1s probable que sufra fatiga. <\/span><span style=\"vertical-align: inherit;\">De hecho, un nuevo estudio encuentra que el ejercicio y las intervenciones psicol\u00f3gicas pueden ser herramientas poderosas para combatir la fatiga relacionada con el c\u00e1ncer. <\/span><span style=\"vertical-align: inherit;\">El estudio, publicado este mes en <\/span><\/span><em><span style=\"vertical-align: inherit;\"><span style=\"vertical-align: inherit;\">JAMA Oncology<\/span><\/span><\/em><span style=\"vertical-align: inherit;\"><span style=\"vertical-align: inherit;\"> , sigui\u00f3 a m\u00e1s de 11.000 supervivientes de c\u00e1ncer y compar\u00f3 c\u00f3mo el ejercicio, el asesoramiento y la medicaci\u00f3n afectaban su estr\u00e9s. <\/span><span style=\"vertical-align: inherit;\">Los investigadores concluyeron que los ejercicios e intervenciones psicol\u00f3gicas, como el asesoramiento y los consejos para realizar cambios saludables en el estilo de vida, funcionaron mejor que los medicamentos para ayudar a los participantes del estudio a controlar la fatiga.<\/span><\/span><\/p>\n<p><span style=\"vertical-align: inherit;\"><span style=\"vertical-align: inherit;\">Sin embargo, incluso mientras trabaja para aumentar sus niveles de energ\u00eda, no espere tener la misma recuperaci\u00f3n en su paso que ten\u00eda antes de su diagn\u00f3stico. <\/span><span style=\"vertical-align: inherit;\">Es probable que el c\u00e1ncer y sus tratamientos contin\u00faen afectando sus niveles de energ\u00eda, dice Langlois. <\/span><span style=\"vertical-align: inherit;\">\u00abEs un hecho b\u00e1sico que los cuidadores pueden ayudar a los pacientes con c\u00e1ncer a aceptar\u00bb, dice. <\/span><span style=\"vertical-align: inherit;\">\u00abPueden tratar de ayudar a los pacientes gui\u00e1ndolos y presion\u00e1ndolos cuando sea apropiado, pero tambi\u00e9n ayud\u00e1ndolos a comprender que es posible que no puedan hacer todo lo que sol\u00edan hacer, al menos por ahora\u00bb.<\/span><\/span><\/p>\n<\/div>\n","protected":false},"excerpt":{"rendered":"<p>Fatiga por c\u00e1ncer: una queja com\u00fan entre los pacientes con c\u00e1ncer Cuando por lo dem\u00e1s est\u00e1 sano y tiene problemas para mantener los ojos abiertos en una reuni\u00f3n vespertina, una o dos horas m\u00e1s de sue\u00f1o pueden ser todo lo que se necesita para reponer su energ\u00eda. Sin embargo, cuando tiene c\u00e1ncer, el descanso no &hellip;<\/p>\n","protected":false},"author":1,"featured_media":17129,"comment_status":"open","ping_status":"open","sticky":false,"template":"","format":"standard","meta":{"footnotes":""},"categories":[24],"tags":[],"class_list":["post-17555","post","type-post","status-publish","format-standard","has-post-thumbnail","hentry","category-sin-categorizar"],"yoast_head":"<!-- This site is optimized with the Yoast SEO plugin v25.4 - https:\/\/yoast.com\/wordpress\/plugins\/seo\/ -->\n<title>Fatiga por c\u00e1ncer: una queja com\u00fan entre los pacientes con c\u00e1ncer - zdmaa<\/title>\n<meta name=\"robots\" content=\"index, follow, max-snippet:-1, max-image-preview:large, max-video-preview:-1\" \/>\n<link rel=\"canonical\" href=\"https:\/\/zdmaa.com\/es\/cancer-fatigue-common-complaint-among-cancer-patients\/\" \/>\n<meta property=\"og:locale\" content=\"es_ES\" \/>\n<meta property=\"og:type\" content=\"article\" \/>\n<meta property=\"og:title\" content=\"Fatiga por c\u00e1ncer: una queja com\u00fan entre los pacientes con c\u00e1ncer - zdmaa\" \/>\n<meta property=\"og:description\" content=\"Fatiga por c\u00e1ncer: una queja com\u00fan entre los pacientes con c\u00e1ncer Cuando por lo dem\u00e1s est\u00e1 sano y tiene problemas para mantener los ojos abiertos en una reuni\u00f3n vespertina, una o dos horas m\u00e1s de sue\u00f1o pueden ser todo lo que se necesita para reponer su energ\u00eda. Sin embargo, cuando tiene c\u00e1ncer, el descanso no &hellip;\" \/>\n<meta property=\"og:url\" content=\"https:\/\/zdmaa.com\/es\/cancer-fatigue-common-complaint-among-cancer-patients\/\" \/>\n<meta property=\"og:site_name\" content=\"zdmaa\" \/>\n<meta property=\"article:published_time\" content=\"2022-01-05T22:14:50+00:00\" \/>\n<meta property=\"article:modified_time\" content=\"2022-01-06T08:05:48+00:00\" \/>\n<meta property=\"og:image\" content=\"https:\/\/zdmaa.com\/wp-content\/uploads\/2022\/01\/october-g0601c9399_640.jpg\" \/>\n\t<meta property=\"og:image:width\" content=\"640\" \/>\n\t<meta property=\"og:image:height\" content=\"479\" \/>\n\t<meta property=\"og:image:type\" content=\"image\/jpeg\" \/>\n<meta name=\"author\" content=\"admin\" \/>\n<meta name=\"twitter:card\" content=\"summary_large_image\" \/>\n<meta name=\"twitter:label1\" content=\"Escrito por\" \/>\n\t<meta name=\"twitter:data1\" content=\"admin\" \/>\n\t<meta name=\"twitter:label2\" content=\"Tiempo de lectura\" \/>\n\t<meta name=\"twitter:data2\" content=\"4 minutos\" \/>\n<script type=\"application\/ld+json\" class=\"yoast-schema-graph\">{\"@context\":\"https:\/\/schema.org\",\"@graph\":[{\"@type\":\"WebPage\",\"@id\":\"https:\/\/zdmaa.com\/es\/cancer-fatigue-common-complaint-among-cancer-patients\/\",\"url\":\"https:\/\/zdmaa.com\/es\/cancer-fatigue-common-complaint-among-cancer-patients\/\",\"name\":\"Fatiga por c\u00e1ncer: una queja com\u00fan entre los pacientes con c\u00e1ncer - zdmaa\",\"isPartOf\":{\"@id\":\"https:\/\/zdmaa.com\/es\/ro\/#website\"},\"primaryImageOfPage\":{\"@id\":\"https:\/\/zdmaa.com\/es\/cancer-fatigue-common-complaint-among-cancer-patients\/#primaryimage\"},\"image\":{\"@id\":\"https:\/\/zdmaa.com\/es\/cancer-fatigue-common-complaint-among-cancer-patients\/#primaryimage\"},\"thumbnailUrl\":\"https:\/\/zdmaa.com\/wp-content\/uploads\/2022\/01\/october-g0601c9399_640.jpg\",\"datePublished\":\"2022-01-05T22:14:50+00:00\",\"dateModified\":\"2022-01-06T08:05:48+00:00\",\"author\":{\"@id\":\"https:\/\/zdmaa.com\/es\/ro\/#\/schema\/person\/8aad4cf5d562d4ca835487f6149853e3\"},\"breadcrumb\":{\"@id\":\"https:\/\/zdmaa.com\/es\/cancer-fatigue-common-complaint-among-cancer-patients\/#breadcrumb\"},\"inLanguage\":\"es\",\"potentialAction\":[{\"@type\":\"ReadAction\",\"target\":[\"https:\/\/zdmaa.com\/es\/cancer-fatigue-common-complaint-among-cancer-patients\/\"]}]},{\"@type\":\"ImageObject\",\"inLanguage\":\"es\",\"@id\":\"https:\/\/zdmaa.com\/es\/cancer-fatigue-common-complaint-among-cancer-patients\/#primaryimage\",\"url\":\"https:\/\/zdmaa.com\/wp-content\/uploads\/2022\/01\/october-g0601c9399_640.jpg\",\"contentUrl\":\"https:\/\/zdmaa.com\/wp-content\/uploads\/2022\/01\/october-g0601c9399_640.jpg\",\"width\":640,\"height\":479,\"caption\":\"Cancer Fatigue: Common Complaint Among Cancer Patients\"},{\"@type\":\"BreadcrumbList\",\"@id\":\"https:\/\/zdmaa.com\/es\/cancer-fatigue-common-complaint-among-cancer-patients\/#breadcrumb\",\"itemListElement\":[{\"@type\":\"ListItem\",\"position\":1,\"name\":\"\u0627\u0644\u0631\u0626\u064a\u0633\u064a\u0629\",\"item\":\"https:\/\/zdmaa.com\/es\/\"},{\"@type\":\"ListItem\",\"position\":2,\"name\":\"Fatiga por c\u00e1ncer: una queja com\u00fan entre los pacientes con c\u00e1ncer\"}]},{\"@type\":\"WebSite\",\"@id\":\"https:\/\/zdmaa.com\/es\/ro\/#website\",\"url\":\"https:\/\/zdmaa.com\/es\/ro\/\",\"name\":\"zdmaa\",\"description\":\"zdmaa\",\"potentialAction\":[{\"@type\":\"SearchAction\",\"target\":{\"@type\":\"EntryPoint\",\"urlTemplate\":\"https:\/\/zdmaa.com\/es\/ro\/?s={search_term_string}\"},\"query-input\":{\"@type\":\"PropertyValueSpecification\",\"valueRequired\":true,\"valueName\":\"search_term_string\"}}],\"inLanguage\":\"es\"},{\"@type\":\"Person\",\"@id\":\"https:\/\/zdmaa.com\/es\/ro\/#\/schema\/person\/8aad4cf5d562d4ca835487f6149853e3\",\"name\":\"admin\",\"image\":{\"@type\":\"ImageObject\",\"inLanguage\":\"es\",\"@id\":\"https:\/\/zdmaa.com\/es\/ro\/#\/schema\/person\/image\/\",\"url\":\"https:\/\/zdmaa.com\/wp-content\/litespeed\/avatar\/dff6d89ac221c1aaf9366bf5b4cd32de.jpg?ver=1777164375\",\"contentUrl\":\"https:\/\/zdmaa.com\/wp-content\/litespeed\/avatar\/dff6d89ac221c1aaf9366bf5b4cd32de.jpg?ver=1777164375\",\"caption\":\"admin\"},\"sameAs\":[\"https:\/\/zdmaa.com\"],\"url\":\"https:\/\/zdmaa.com\/es\/author\/admin\/\"}]}<\/script>\n<!-- \/ Yoast SEO plugin. -->","yoast_head_json":{"title":"Fatiga por c\u00e1ncer: una queja com\u00fan entre los pacientes con c\u00e1ncer - zdmaa","robots":{"index":"index","follow":"follow","max-snippet":"max-snippet:-1","max-image-preview":"max-image-preview:large","max-video-preview":"max-video-preview:-1"},"canonical":"https:\/\/zdmaa.com\/es\/cancer-fatigue-common-complaint-among-cancer-patients\/","og_locale":"es_ES","og_type":"article","og_title":"Fatiga por c\u00e1ncer: una queja com\u00fan entre los pacientes con c\u00e1ncer - zdmaa","og_description":"Fatiga por c\u00e1ncer: una queja com\u00fan entre los pacientes con c\u00e1ncer Cuando por lo dem\u00e1s est\u00e1 sano y tiene problemas para mantener los ojos abiertos en una reuni\u00f3n vespertina, una o dos horas m\u00e1s de sue\u00f1o pueden ser todo lo que se necesita para reponer su energ\u00eda. Sin embargo, cuando tiene c\u00e1ncer, el descanso no &hellip;","og_url":"https:\/\/zdmaa.com\/es\/cancer-fatigue-common-complaint-among-cancer-patients\/","og_site_name":"zdmaa","article_published_time":"2022-01-05T22:14:50+00:00","article_modified_time":"2022-01-06T08:05:48+00:00","og_image":[{"width":640,"height":479,"url":"https:\/\/zdmaa.com\/wp-content\/uploads\/2022\/01\/october-g0601c9399_640.jpg","type":"image\/jpeg"}],"author":"admin","twitter_card":"summary_large_image","twitter_misc":{"Escrito por":"admin","Tiempo de lectura":"4 minutos"},"schema":{"@context":"https:\/\/schema.org","@graph":[{"@type":"WebPage","@id":"https:\/\/zdmaa.com\/es\/cancer-fatigue-common-complaint-among-cancer-patients\/","url":"https:\/\/zdmaa.com\/es\/cancer-fatigue-common-complaint-among-cancer-patients\/","name":"Fatiga por c\u00e1ncer: una queja com\u00fan entre los pacientes con c\u00e1ncer - zdmaa","isPartOf":{"@id":"https:\/\/zdmaa.com\/es\/ro\/#website"},"primaryImageOfPage":{"@id":"https:\/\/zdmaa.com\/es\/cancer-fatigue-common-complaint-among-cancer-patients\/#primaryimage"},"image":{"@id":"https:\/\/zdmaa.com\/es\/cancer-fatigue-common-complaint-among-cancer-patients\/#primaryimage"},"thumbnailUrl":"https:\/\/zdmaa.com\/wp-content\/uploads\/2022\/01\/october-g0601c9399_640.jpg","datePublished":"2022-01-05T22:14:50+00:00","dateModified":"2022-01-06T08:05:48+00:00","author":{"@id":"https:\/\/zdmaa.com\/es\/ro\/#\/schema\/person\/8aad4cf5d562d4ca835487f6149853e3"},"breadcrumb":{"@id":"https:\/\/zdmaa.com\/es\/cancer-fatigue-common-complaint-among-cancer-patients\/#breadcrumb"},"inLanguage":"es","potentialAction":[{"@type":"ReadAction","target":["https:\/\/zdmaa.com\/es\/cancer-fatigue-common-complaint-among-cancer-patients\/"]}]},{"@type":"ImageObject","inLanguage":"es","@id":"https:\/\/zdmaa.com\/es\/cancer-fatigue-common-complaint-among-cancer-patients\/#primaryimage","url":"https:\/\/zdmaa.com\/wp-content\/uploads\/2022\/01\/october-g0601c9399_640.jpg","contentUrl":"https:\/\/zdmaa.com\/wp-content\/uploads\/2022\/01\/october-g0601c9399_640.jpg","width":640,"height":479,"caption":"Cancer Fatigue: Common Complaint Among Cancer Patients"},{"@type":"BreadcrumbList","@id":"https:\/\/zdmaa.com\/es\/cancer-fatigue-common-complaint-among-cancer-patients\/#breadcrumb","itemListElement":[{"@type":"ListItem","position":1,"name":"\u0627\u0644\u0631\u0626\u064a\u0633\u064a\u0629","item":"https:\/\/zdmaa.com\/es\/"},{"@type":"ListItem","position":2,"name":"Fatiga por c\u00e1ncer: una queja com\u00fan entre los pacientes con c\u00e1ncer"}]},{"@type":"WebSite","@id":"https:\/\/zdmaa.com\/es\/ro\/#website","url":"https:\/\/zdmaa.com\/es\/ro\/","name":"zdmaa","description":"zdmaa","potentialAction":[{"@type":"SearchAction","target":{"@type":"EntryPoint","urlTemplate":"https:\/\/zdmaa.com\/es\/ro\/?s={search_term_string}"},"query-input":{"@type":"PropertyValueSpecification","valueRequired":true,"valueName":"search_term_string"}}],"inLanguage":"es"},{"@type":"Person","@id":"https:\/\/zdmaa.com\/es\/ro\/#\/schema\/person\/8aad4cf5d562d4ca835487f6149853e3","name":"admin","image":{"@type":"ImageObject","inLanguage":"es","@id":"https:\/\/zdmaa.com\/es\/ro\/#\/schema\/person\/image\/","url":"https:\/\/zdmaa.com\/wp-content\/litespeed\/avatar\/dff6d89ac221c1aaf9366bf5b4cd32de.jpg?ver=1777164375","contentUrl":"https:\/\/zdmaa.com\/wp-content\/litespeed\/avatar\/dff6d89ac221c1aaf9366bf5b4cd32de.jpg?ver=1777164375","caption":"admin"},"sameAs":["https:\/\/zdmaa.com"],"url":"https:\/\/zdmaa.com\/es\/author\/admin\/"}]}},"_links":{"self":[{"href":"https:\/\/zdmaa.com\/es\/wp-json\/wp\/v2\/posts\/17555","targetHints":{"allow":["GET"]}}],"collection":[{"href":"https:\/\/zdmaa.com\/es\/wp-json\/wp\/v2\/posts"}],"about":[{"href":"https:\/\/zdmaa.com\/es\/wp-json\/wp\/v2\/types\/post"}],"author":[{"embeddable":true,"href":"https:\/\/zdmaa.com\/es\/wp-json\/wp\/v2\/users\/1"}],"replies":[{"embeddable":true,"href":"https:\/\/zdmaa.com\/es\/wp-json\/wp\/v2\/comments?post=17555"}],"version-history":[{"count":2,"href":"https:\/\/zdmaa.com\/es\/wp-json\/wp\/v2\/posts\/17555\/revisions"}],"predecessor-version":[{"id":17576,"href":"https:\/\/zdmaa.com\/es\/wp-json\/wp\/v2\/posts\/17555\/revisions\/17576"}],"wp:featuredmedia":[{"embeddable":true,"href":"https:\/\/zdmaa.com\/es\/wp-json\/wp\/v2\/media\/17129"}],"wp:attachment":[{"href":"https:\/\/zdmaa.com\/es\/wp-json\/wp\/v2\/media?parent=17555"}],"wp:term":[{"taxonomy":"category","embeddable":true,"href":"https:\/\/zdmaa.com\/es\/wp-json\/wp\/v2\/categories?post=17555"},{"taxonomy":"post_tag","embeddable":true,"href":"https:\/\/zdmaa.com\/es\/wp-json\/wp\/v2\/tags?post=17555"}],"curies":[{"name":"wp","href":"https:\/\/api.w.org\/{rel}","templated":true}]}}