{"id":21119,"date":"2022-01-10T00:19:14","date_gmt":"2022-01-09T21:19:14","guid":{"rendered":"https:\/\/zdmaa.com\/cancer-related-depression-what-can-i-do-about-it\/"},"modified":"2022-01-10T23:31:17","modified_gmt":"2022-01-10T20:31:17","slug":"cancer-related-depression-what-can-i-do-about-it","status":"publish","type":"post","link":"https:\/\/zdmaa.com\/es\/cancer-related-depression-what-can-i-do-about-it\/","title":{"rendered":"Depresi\u00f3n relacionada con el c\u00e1ncer: \u00bfQu\u00e9 puedo hacer al respecto?"},"content":{"rendered":"<p><span style=\"vertical-align: inherit;\"><span style=\"vertical-align: inherit;\"><span style=\"vertical-align: inherit;\"><span class=\"\" style=\"vertical-align: inherit;\">Depresi\u00f3n relacionada con el c\u00e1ncer: \u00bfQu\u00e9 puedo hacer al respecto?<\/span><\/span><\/span><\/span><\/p>\n<div>\n<p><span style=\"vertical-align: inherit;\"><span style=\"vertical-align: inherit;\">La depresi\u00f3n puede ser dif\u00edcil de detectar. <\/span><span style=\"vertical-align: inherit;\">De hecho, puede parecerse mucho a la tristeza, el miedo y la ansiedad que esperar\u00eda acompa\u00f1ar a un diagn\u00f3stico de c\u00e1ncer. <\/span><span style=\"vertical-align: inherit;\">Sin embargo, si sigues cancelando a ese amigo que quiere quedar para cenar, o te resulta cada vez m\u00e1s dif\u00edcil levantarte de la cama por las ma\u00f1anas, es posible que est\u00e9s experimentando algo m\u00e1s grave que el duelo. <\/span><span style=\"vertical-align: inherit;\">La depresi\u00f3n puede estar relacionada con el c\u00e1ncer, ya que afecta a uno de cada cuatro pacientes con c\u00e1ncer.<\/span><\/span><\/p>\n<p><span style=\"vertical-align: inherit;\"><span style=\"vertical-align: inherit;\">Dice Catherine Beckett, MD, trabajadora social cl\u00ednica licenciada y presidenta del Departamento de Mente y Cuerpo en los Centros de C\u00e1ncer. <\/span><span style=\"vertical-align: inherit;\">de Am\u00e9rica\u00ae (CTCA). <\/span><span style=\"vertical-align: inherit;\">\u00abPero la depresi\u00f3n cl\u00ednica es diferente de la tristeza, con criterios y s\u00edntomas espec\u00edficos, y puede dificultar que los pacientes busquen tratamiento en primer lugar, o que permanezcan en tratamiento una vez que ha comenzado\u00bb. <\/span><span style=\"vertical-align: inherit;\">Es importante reconocer los signos de depresi\u00f3n desde el principio para evitar que afecten su calidad de vida y posiblemente incluso el resultado de su tratamiento.<\/span><\/span><\/p>\n<h2><span style=\"vertical-align: inherit;\"><span style=\"vertical-align: inherit;\">Causas y s\u00edntomas<\/span><\/span><\/h2>\n<p><span style=\"vertical-align: inherit;\"><span style=\"vertical-align: inherit;\">Como paciente de c\u00e1ncer, puede desarrollar depresi\u00f3n cl\u00ednica por una variedad de razones, incluidas las preocupaciones sobre su diagn\u00f3stico, la cantidad de dolor que siente, los antecedentes familiares de depresi\u00f3n u otros problemas de salud mental, y la cantidad de factores estresantes externos que experimenta. . <\/span><span style=\"vertical-align: inherit;\">experimentaci\u00f3n. <\/span><span style=\"vertical-align: inherit;\">Lo experimentas y la cantidad de apoyo que recibes de las personas que te rodean. <\/span><span style=\"vertical-align: inherit;\">Tal vez el tratamiento del c\u00e1ncer est\u00e1 cambiando su cuerpo de una manera que no le gusta, o las citas de tratamiento le impiden asistir a la clase de yoga que espera cada semana.<\/span><\/span><\/p>\n<p><span style=\"vertical-align: inherit;\"><span style=\"vertical-align: inherit;\">Los s\u00edntomas de la depresi\u00f3n incluyen:<\/span><\/span><\/p>\n<ul>\n<li><span style=\"vertical-align: inherit;\"><span style=\"vertical-align: inherit;\">sentirse desesperanzado<\/span><\/span><\/li>\n<li><span style=\"vertical-align: inherit;\"><span style=\"vertical-align: inherit;\">Falta de inter\u00e9s en actividades que normalmente disfruta.<\/span><\/span><\/li>\n<li><span style=\"vertical-align: inherit;\"><span style=\"vertical-align: inherit;\">Insomnio (sue\u00f1o interrumpido) o \u201chipersomnia\u201d (sue\u00f1o excesivo) y cansancio persistente<\/span><\/span><\/li>\n<li><span style=\"vertical-align: inherit;\"><span style=\"vertical-align: inherit;\">Irritabilidad, dificultad de concentraci\u00f3n y\/o memoria.<\/span><\/span><\/li>\n<li><span style=\"vertical-align: inherit;\"><span style=\"vertical-align: inherit;\">Aumento o p\u00e9rdida de peso significativos sin explicaci\u00f3n, o cambios en el apetito<\/span><\/span><\/li>\n<li><span style=\"vertical-align: inherit;\"><span style=\"vertical-align: inherit;\">Pensamientos o sentimientos suicidas, o pensamientos recurrentes sobre la muerte<\/span><\/span><\/li>\n<\/ul>\n<p><span style=\"vertical-align: inherit;\"><span style=\"vertical-align: inherit;\">Los efectos de la depresi\u00f3n pueden ser graves. <\/span><span style=\"vertical-align: inherit;\">Puede llegar al punto en que sienta que no vale la pena tratarlo o que ya no quiera ser una carga para sus cuidadores. <\/span><span style=\"vertical-align: inherit;\">Algunos pacientes de c\u00e1ncer con mala calidad de vida, especialmente aquellos que no reciben tratamiento para la depresi\u00f3n, pueden estar en riesgo de suicidio. <\/span><span style=\"vertical-align: inherit;\">Por eso es importante identificar y tratar los signos.<\/span><\/span><\/p>\n<p><span style=\"vertical-align: inherit;\"><span style=\"vertical-align: inherit;\">Si tiene alg\u00fan s\u00edntoma de depresi\u00f3n, busque un profesional de salud mental con licencia para ayudarlo a lidiar con sus sentimientos, aconseja el Dr. Buckett. <\/span><span style=\"vertical-align: inherit;\">Es posible que desee pedirle una remisi\u00f3n a un m\u00e9dico, un amigo de confianza, un capell\u00e1n o un centro de salud local. <\/span><span style=\"vertical-align: inherit;\">Los profesionales de la salud mental pueden ayudarlo a controlar la depresi\u00f3n con apoyo social y ayuda profesional, como asesoramiento, medicamentos, ejercicio y meditaci\u00f3n.<\/span><\/span><\/p>\n<h2><span style=\"vertical-align: inherit;\"><span style=\"vertical-align: inherit;\">Los cuidadores tambi\u00e9n se ven afectados<\/span><\/span><\/h2>\n<p><span style=\"vertical-align: inherit;\"><span style=\"vertical-align: inherit;\">Los pacientes con c\u00e1ncer no son los \u00fanicos que deben estar atentos a la depresi\u00f3n. <\/span><span style=\"vertical-align: inherit;\">A menudo tambi\u00e9n afecta a los cuidadores. <\/span><span style=\"vertical-align: inherit;\">Muchos de los que cuidan a sus seres queridos que tienen c\u00e1ncer informan que se sienten impotentes y confundidos, ya sea porque les resulta dif\u00edcil ver sufrir a sus seres queridos, porque no reciben la capacitaci\u00f3n m\u00e9dica necesaria para cuidar a sus seres queridos, o porque no No s\u00e9 c\u00f3mo o qu\u00e9 hacer para ayudar, dice el Dr. . <\/span><span style=\"vertical-align: inherit;\">\u00abSe alienta a los cuidadores a facilitarles las cosas lo m\u00e1s posible en el hogar, por ejemplo, relajando sus est\u00e1ndares de limpieza, mientras est\u00e1n bajo cuidado\u00bb, dice ella. <\/span><span style=\"vertical-align: inherit;\">\u00abTambi\u00e9n puede resultarle \u00fatil hablar sobre sus sentimientos con alguien que lo escuche y se cuide a s\u00ed mismo y a sus seres queridos, incluso cuando sea dif\u00edcil encontrar el tiempo o la energ\u00eda para hacerlo\u00bb.<\/span><\/span><\/p>\n<p><span style=\"vertical-align: inherit;\"><span style=\"vertical-align: inherit;\">La depresi\u00f3n tambi\u00e9n es com\u00fan entre los sobrevivientes de c\u00e1ncer, a veces incluso mucho despu\u00e9s de que finaliza el tratamiento. <\/span><span style=\"vertical-align: inherit;\">El miedo a que el c\u00e1ncer regrese, los efectos f\u00edsicos de los tratamientos anteriores o los sentimientos de culpa de los sobrevivientes pueden hacerlo vulnerable a pensamientos o sentimientos depresivos. <\/span><span style=\"vertical-align: inherit;\">Para ayudar a aliviar estos sentimientos, intente pasar tiempo con las personas que ama, haciendo tiempo en su d\u00eda para divertirse y haciendo ejercicio regular como parte de su rutina. <\/span><span style=\"vertical-align: inherit;\">Tambi\u00e9n busque oportunidades para compartir sus sentimientos con alguien en lugar de dejar que se acumulen dentro de usted. <\/span><span style=\"vertical-align: inherit;\">\u00abCompartir cosas dif\u00edciles con otra persona puede ayudar a reducir la carga\u00bb, dice el Dr. Paquette.<\/span><\/span><\/p>\n<\/div>\n","protected":false},"excerpt":{"rendered":"<p>Depresi\u00f3n relacionada con el c\u00e1ncer: \u00bfQu\u00e9 puedo hacer al respecto? La depresi\u00f3n puede ser dif\u00edcil de detectar. De hecho, puede parecerse mucho a la tristeza, el miedo y la ansiedad que esperar\u00eda acompa\u00f1ar a un diagn\u00f3stico de c\u00e1ncer. Sin embargo, si sigues cancelando a ese amigo que quiere quedar para cenar, o te resulta cada &hellip;<\/p>\n","protected":false},"author":1,"featured_media":20112,"comment_status":"open","ping_status":"open","sticky":false,"template":"","format":"standard","meta":{"footnotes":""},"categories":[24],"tags":[],"class_list":["post-21119","post","type-post","status-publish","format-standard","has-post-thumbnail","hentry","category-sin-categorizar"],"yoast_head":"<!-- This site is optimized with the Yoast SEO plugin v25.4 - https:\/\/yoast.com\/wordpress\/plugins\/seo\/ -->\n<title>Depresi\u00f3n relacionada con el c\u00e1ncer: \u00bfQu\u00e9 puedo hacer al respecto? - zdmaa<\/title>\n<meta name=\"robots\" content=\"index, follow, max-snippet:-1, max-image-preview:large, max-video-preview:-1\" \/>\n<link rel=\"canonical\" href=\"https:\/\/zdmaa.com\/es\/cancer-related-depression-what-can-i-do-about-it\/\" \/>\n<meta property=\"og:locale\" content=\"es_ES\" \/>\n<meta property=\"og:type\" content=\"article\" \/>\n<meta property=\"og:title\" content=\"Depresi\u00f3n relacionada con el c\u00e1ncer: \u00bfQu\u00e9 puedo hacer al respecto? - zdmaa\" \/>\n<meta property=\"og:description\" content=\"Depresi\u00f3n relacionada con el c\u00e1ncer: \u00bfQu\u00e9 puedo hacer al respecto? La depresi\u00f3n puede ser dif\u00edcil de detectar. De hecho, puede parecerse mucho a la tristeza, el miedo y la ansiedad que esperar\u00eda acompa\u00f1ar a un diagn\u00f3stico de c\u00e1ncer. Sin embargo, si sigues cancelando a ese amigo que quiere quedar para cenar, o te resulta cada &hellip;\" \/>\n<meta property=\"og:url\" content=\"https:\/\/zdmaa.com\/es\/cancer-related-depression-what-can-i-do-about-it\/\" \/>\n<meta property=\"og:site_name\" content=\"zdmaa\" \/>\n<meta property=\"article:published_time\" content=\"2022-01-09T21:19:14+00:00\" \/>\n<meta property=\"article:modified_time\" content=\"2022-01-10T20:31:17+00:00\" \/>\n<meta property=\"og:image\" content=\"https:\/\/zdmaa.com\/wp-content\/uploads\/2022\/01\/fear-gdd1328cd3_640.jpg\" \/>\n\t<meta property=\"og:image:width\" content=\"640\" \/>\n\t<meta property=\"og:image:height\" content=\"408\" \/>\n\t<meta property=\"og:image:type\" content=\"image\/jpeg\" \/>\n<meta name=\"author\" content=\"admin\" \/>\n<meta name=\"twitter:card\" content=\"summary_large_image\" \/>\n<meta name=\"twitter:label1\" content=\"Escrito por\" \/>\n\t<meta name=\"twitter:data1\" content=\"admin\" \/>\n\t<meta name=\"twitter:label2\" content=\"Tiempo de lectura\" \/>\n\t<meta name=\"twitter:data2\" content=\"4 minutos\" \/>\n<script type=\"application\/ld+json\" class=\"yoast-schema-graph\">{\"@context\":\"https:\/\/schema.org\",\"@graph\":[{\"@type\":\"WebPage\",\"@id\":\"https:\/\/zdmaa.com\/es\/cancer-related-depression-what-can-i-do-about-it\/\",\"url\":\"https:\/\/zdmaa.com\/es\/cancer-related-depression-what-can-i-do-about-it\/\",\"name\":\"Depresi\u00f3n relacionada con el c\u00e1ncer: \u00bfQu\u00e9 puedo hacer al respecto? - zdmaa\",\"isPartOf\":{\"@id\":\"https:\/\/zdmaa.com\/es\/ro\/#website\"},\"primaryImageOfPage\":{\"@id\":\"https:\/\/zdmaa.com\/es\/cancer-related-depression-what-can-i-do-about-it\/#primaryimage\"},\"image\":{\"@id\":\"https:\/\/zdmaa.com\/es\/cancer-related-depression-what-can-i-do-about-it\/#primaryimage\"},\"thumbnailUrl\":\"https:\/\/zdmaa.com\/wp-content\/uploads\/2022\/01\/fear-gdd1328cd3_640.jpg\",\"datePublished\":\"2022-01-09T21:19:14+00:00\",\"dateModified\":\"2022-01-10T20:31:17+00:00\",\"author\":{\"@id\":\"https:\/\/zdmaa.com\/es\/ro\/#\/schema\/person\/8aad4cf5d562d4ca835487f6149853e3\"},\"breadcrumb\":{\"@id\":\"https:\/\/zdmaa.com\/es\/cancer-related-depression-what-can-i-do-about-it\/#breadcrumb\"},\"inLanguage\":\"es\",\"potentialAction\":[{\"@type\":\"ReadAction\",\"target\":[\"https:\/\/zdmaa.com\/es\/cancer-related-depression-what-can-i-do-about-it\/\"]}]},{\"@type\":\"ImageObject\",\"inLanguage\":\"es\",\"@id\":\"https:\/\/zdmaa.com\/es\/cancer-related-depression-what-can-i-do-about-it\/#primaryimage\",\"url\":\"https:\/\/zdmaa.com\/wp-content\/uploads\/2022\/01\/fear-gdd1328cd3_640.jpg\",\"contentUrl\":\"https:\/\/zdmaa.com\/wp-content\/uploads\/2022\/01\/fear-gdd1328cd3_640.jpg\",\"width\":640,\"height\":408,\"caption\":\"Cancer-Related Depression: What Can I Do About It?\"},{\"@type\":\"BreadcrumbList\",\"@id\":\"https:\/\/zdmaa.com\/es\/cancer-related-depression-what-can-i-do-about-it\/#breadcrumb\",\"itemListElement\":[{\"@type\":\"ListItem\",\"position\":1,\"name\":\"\u0627\u0644\u0631\u0626\u064a\u0633\u064a\u0629\",\"item\":\"https:\/\/zdmaa.com\/es\/\"},{\"@type\":\"ListItem\",\"position\":2,\"name\":\"Depresi\u00f3n relacionada con el c\u00e1ncer: \u00bfQu\u00e9 puedo hacer al respecto?\"}]},{\"@type\":\"WebSite\",\"@id\":\"https:\/\/zdmaa.com\/es\/ro\/#website\",\"url\":\"https:\/\/zdmaa.com\/es\/ro\/\",\"name\":\"zdmaa\",\"description\":\"zdmaa\",\"potentialAction\":[{\"@type\":\"SearchAction\",\"target\":{\"@type\":\"EntryPoint\",\"urlTemplate\":\"https:\/\/zdmaa.com\/es\/ro\/?s={search_term_string}\"},\"query-input\":{\"@type\":\"PropertyValueSpecification\",\"valueRequired\":true,\"valueName\":\"search_term_string\"}}],\"inLanguage\":\"es\"},{\"@type\":\"Person\",\"@id\":\"https:\/\/zdmaa.com\/es\/ro\/#\/schema\/person\/8aad4cf5d562d4ca835487f6149853e3\",\"name\":\"admin\",\"image\":{\"@type\":\"ImageObject\",\"inLanguage\":\"es\",\"@id\":\"https:\/\/zdmaa.com\/es\/ro\/#\/schema\/person\/image\/\",\"url\":\"https:\/\/zdmaa.com\/wp-content\/litespeed\/avatar\/dff6d89ac221c1aaf9366bf5b4cd32de.jpg?ver=1777164375\",\"contentUrl\":\"https:\/\/zdmaa.com\/wp-content\/litespeed\/avatar\/dff6d89ac221c1aaf9366bf5b4cd32de.jpg?ver=1777164375\",\"caption\":\"admin\"},\"sameAs\":[\"https:\/\/zdmaa.com\"],\"url\":\"https:\/\/zdmaa.com\/es\/author\/admin\/\"}]}<\/script>\n<!-- \/ Yoast SEO plugin. -->","yoast_head_json":{"title":"Depresi\u00f3n relacionada con el c\u00e1ncer: \u00bfQu\u00e9 puedo hacer al respecto? - zdmaa","robots":{"index":"index","follow":"follow","max-snippet":"max-snippet:-1","max-image-preview":"max-image-preview:large","max-video-preview":"max-video-preview:-1"},"canonical":"https:\/\/zdmaa.com\/es\/cancer-related-depression-what-can-i-do-about-it\/","og_locale":"es_ES","og_type":"article","og_title":"Depresi\u00f3n relacionada con el c\u00e1ncer: \u00bfQu\u00e9 puedo hacer al respecto? - zdmaa","og_description":"Depresi\u00f3n relacionada con el c\u00e1ncer: \u00bfQu\u00e9 puedo hacer al respecto? La depresi\u00f3n puede ser dif\u00edcil de detectar. De hecho, puede parecerse mucho a la tristeza, el miedo y la ansiedad que esperar\u00eda acompa\u00f1ar a un diagn\u00f3stico de c\u00e1ncer. Sin embargo, si sigues cancelando a ese amigo que quiere quedar para cenar, o te resulta cada &hellip;","og_url":"https:\/\/zdmaa.com\/es\/cancer-related-depression-what-can-i-do-about-it\/","og_site_name":"zdmaa","article_published_time":"2022-01-09T21:19:14+00:00","article_modified_time":"2022-01-10T20:31:17+00:00","og_image":[{"width":640,"height":408,"url":"https:\/\/zdmaa.com\/wp-content\/uploads\/2022\/01\/fear-gdd1328cd3_640.jpg","type":"image\/jpeg"}],"author":"admin","twitter_card":"summary_large_image","twitter_misc":{"Escrito por":"admin","Tiempo de lectura":"4 minutos"},"schema":{"@context":"https:\/\/schema.org","@graph":[{"@type":"WebPage","@id":"https:\/\/zdmaa.com\/es\/cancer-related-depression-what-can-i-do-about-it\/","url":"https:\/\/zdmaa.com\/es\/cancer-related-depression-what-can-i-do-about-it\/","name":"Depresi\u00f3n relacionada con el c\u00e1ncer: \u00bfQu\u00e9 puedo hacer al respecto? - zdmaa","isPartOf":{"@id":"https:\/\/zdmaa.com\/es\/ro\/#website"},"primaryImageOfPage":{"@id":"https:\/\/zdmaa.com\/es\/cancer-related-depression-what-can-i-do-about-it\/#primaryimage"},"image":{"@id":"https:\/\/zdmaa.com\/es\/cancer-related-depression-what-can-i-do-about-it\/#primaryimage"},"thumbnailUrl":"https:\/\/zdmaa.com\/wp-content\/uploads\/2022\/01\/fear-gdd1328cd3_640.jpg","datePublished":"2022-01-09T21:19:14+00:00","dateModified":"2022-01-10T20:31:17+00:00","author":{"@id":"https:\/\/zdmaa.com\/es\/ro\/#\/schema\/person\/8aad4cf5d562d4ca835487f6149853e3"},"breadcrumb":{"@id":"https:\/\/zdmaa.com\/es\/cancer-related-depression-what-can-i-do-about-it\/#breadcrumb"},"inLanguage":"es","potentialAction":[{"@type":"ReadAction","target":["https:\/\/zdmaa.com\/es\/cancer-related-depression-what-can-i-do-about-it\/"]}]},{"@type":"ImageObject","inLanguage":"es","@id":"https:\/\/zdmaa.com\/es\/cancer-related-depression-what-can-i-do-about-it\/#primaryimage","url":"https:\/\/zdmaa.com\/wp-content\/uploads\/2022\/01\/fear-gdd1328cd3_640.jpg","contentUrl":"https:\/\/zdmaa.com\/wp-content\/uploads\/2022\/01\/fear-gdd1328cd3_640.jpg","width":640,"height":408,"caption":"Cancer-Related Depression: What Can I Do About It?"},{"@type":"BreadcrumbList","@id":"https:\/\/zdmaa.com\/es\/cancer-related-depression-what-can-i-do-about-it\/#breadcrumb","itemListElement":[{"@type":"ListItem","position":1,"name":"\u0627\u0644\u0631\u0626\u064a\u0633\u064a\u0629","item":"https:\/\/zdmaa.com\/es\/"},{"@type":"ListItem","position":2,"name":"Depresi\u00f3n relacionada con el c\u00e1ncer: \u00bfQu\u00e9 puedo hacer al respecto?"}]},{"@type":"WebSite","@id":"https:\/\/zdmaa.com\/es\/ro\/#website","url":"https:\/\/zdmaa.com\/es\/ro\/","name":"zdmaa","description":"zdmaa","potentialAction":[{"@type":"SearchAction","target":{"@type":"EntryPoint","urlTemplate":"https:\/\/zdmaa.com\/es\/ro\/?s={search_term_string}"},"query-input":{"@type":"PropertyValueSpecification","valueRequired":true,"valueName":"search_term_string"}}],"inLanguage":"es"},{"@type":"Person","@id":"https:\/\/zdmaa.com\/es\/ro\/#\/schema\/person\/8aad4cf5d562d4ca835487f6149853e3","name":"admin","image":{"@type":"ImageObject","inLanguage":"es","@id":"https:\/\/zdmaa.com\/es\/ro\/#\/schema\/person\/image\/","url":"https:\/\/zdmaa.com\/wp-content\/litespeed\/avatar\/dff6d89ac221c1aaf9366bf5b4cd32de.jpg?ver=1777164375","contentUrl":"https:\/\/zdmaa.com\/wp-content\/litespeed\/avatar\/dff6d89ac221c1aaf9366bf5b4cd32de.jpg?ver=1777164375","caption":"admin"},"sameAs":["https:\/\/zdmaa.com"],"url":"https:\/\/zdmaa.com\/es\/author\/admin\/"}]}},"_links":{"self":[{"href":"https:\/\/zdmaa.com\/es\/wp-json\/wp\/v2\/posts\/21119","targetHints":{"allow":["GET"]}}],"collection":[{"href":"https:\/\/zdmaa.com\/es\/wp-json\/wp\/v2\/posts"}],"about":[{"href":"https:\/\/zdmaa.com\/es\/wp-json\/wp\/v2\/types\/post"}],"author":[{"embeddable":true,"href":"https:\/\/zdmaa.com\/es\/wp-json\/wp\/v2\/users\/1"}],"replies":[{"embeddable":true,"href":"https:\/\/zdmaa.com\/es\/wp-json\/wp\/v2\/comments?post=21119"}],"version-history":[{"count":1,"href":"https:\/\/zdmaa.com\/es\/wp-json\/wp\/v2\/posts\/21119\/revisions"}],"predecessor-version":[{"id":21134,"href":"https:\/\/zdmaa.com\/es\/wp-json\/wp\/v2\/posts\/21119\/revisions\/21134"}],"wp:featuredmedia":[{"embeddable":true,"href":"https:\/\/zdmaa.com\/es\/wp-json\/wp\/v2\/media\/20112"}],"wp:attachment":[{"href":"https:\/\/zdmaa.com\/es\/wp-json\/wp\/v2\/media?parent=21119"}],"wp:term":[{"taxonomy":"category","embeddable":true,"href":"https:\/\/zdmaa.com\/es\/wp-json\/wp\/v2\/categories?post=21119"},{"taxonomy":"post_tag","embeddable":true,"href":"https:\/\/zdmaa.com\/es\/wp-json\/wp\/v2\/tags?post=21119"}],"curies":[{"name":"wp","href":"https:\/\/api.w.org\/{rel}","templated":true}]}}