{"id":14152,"date":"2022-01-01T02:09:36","date_gmt":"2021-12-31T23:09:36","guid":{"rendered":"https:\/\/zdmaa.com\/answering-your-questions-about-lung-cancer\/"},"modified":"2022-01-02T13:46:32","modified_gmt":"2022-01-02T10:46:32","slug":"answering-your-questions-about-lung-cancer","status":"publish","type":"post","link":"https:\/\/zdmaa.com\/fr\/answering-your-questions-about-lung-cancer\/","title":{"rendered":"R\u00e9pondre \u00e0 vos questions sur le cancer du poumon"},"content":{"rendered":"<p><span style=\"vertical-align: inherit;\"><span style=\"vertical-align: inherit;\"><span style=\"vertical-align: inherit;\"><span class=\"\" style=\"vertical-align: inherit;\">R\u00e9pondre \u00e0 vos questions sur le cancer du poumon<\/span><\/span><\/span><\/span><\/p>\n<div>\n<p><span style=\"vertical-align: inherit;\"><span style=\"vertical-align: inherit;\">Les experts en cancer du poumon Dr. <\/span><span style=\"vertical-align: inherit;\">Le cancer du poumon est le deuxi\u00e8me cancer non cutan\u00e9 le plus courant chez les hommes et les femmes am\u00e9ricains, et nous savons qu&rsquo;il y a de nombreuses questions sur la maladie, de la fa\u00e7on dont elle se d\u00e9veloppe \u00e0 la fa\u00e7on dont elle est trait\u00e9e.<\/span><\/span><\/p>\n<p><span style=\"vertical-align: inherit;\"><span style=\"vertical-align: inherit;\">Voici quelques-unes des conversations qui ont eu lieu sur Facebook. <\/span><span style=\"vertical-align: inherit;\">Veuillez prendre un moment pour lire le texte et partager toute question suppl\u00e9mentaire que vous pourriez avoir dans la section commentaires de cet article de blog. <\/span><span style=\"vertical-align: inherit;\">Le Dr Gershenhorn et le Dr Kiev feront de leur mieux pour y r\u00e9pondre.<\/span><\/span><\/p>\n<p><strong><span style=\"vertical-align: inherit;\"><span style=\"vertical-align: inherit;\">Q\u00a0: Une personne atteinte d&rsquo;un cancer du poumon doit-elle demander un deuxi\u00e8me avis\u00a0? <\/span><span style=\"vertical-align: inherit;\">Existe-t-il une pr\u00e9disposition g\u00e9n\u00e9tique au cancer du poumon ? <\/span><span style=\"vertical-align: inherit;\">Que pouvons-nous faire pour mettre fin \u00e0 la stigmatisation selon laquelle le cancer du poumon est une maladie pour les fumeurs ? <\/span><span style=\"vertical-align: inherit;\">Alliance contre le cancer du m\u00e9soth\u00e9liome<\/span><\/span><\/strong><\/p>\n<p><strong><span style=\"vertical-align: inherit;\"><span style=\"vertical-align: inherit;\">L : Un<\/span><\/span><\/strong><span style=\"vertical-align: inherit;\"><span style=\"vertical-align: inherit;\"> deuxi\u00e8me avis ne fait jamais de mal. <\/span><span style=\"vertical-align: inherit;\">Vous vous devez d&rsquo;\u00eatre bien inform\u00e9. <\/span><span style=\"vertical-align: inherit;\">Il n&rsquo;y a pas de syndromes g\u00e9n\u00e9tiques communs bien d\u00e9crits qui exposent les gens \u00e0 un risque de d\u00e9velopper un cancer du poumon. <\/span><span style=\"vertical-align: inherit;\">Plus nous parlerons du cancer du poumon, de ses causes, de ses traitements, etc., plus nous g\u00e9n\u00e9rerons de sensibilisation. <\/span><span style=\"vertical-align: inherit;\">&#8211; Docteur<\/span><\/span><\/p>\n<p><strong><span style=\"vertical-align: inherit;\"><span style=\"vertical-align: inherit;\">P : Tous les nodules dans le\/les poumons sont-ils toujours canc\u00e9reux ? <\/span><span style=\"vertical-align: inherit;\">&#8211; D\u00e9borah<\/span><\/span><\/strong><\/p>\n<p><strong><span style=\"vertical-align: inherit;\"><span style=\"vertical-align: inherit;\">L :<\/span><\/span><\/strong><span style=\"vertical-align: inherit;\"><span style=\"vertical-align: inherit;\"> Non. <\/span><span style=\"vertical-align: inherit;\">La plupart ne sont pas canc\u00e9reuses. <\/span><span style=\"vertical-align: inherit;\">Si un n\u0153ud est trouv\u00e9, assurez-vous de consulter un sp\u00e9cialiste des poumons. <\/span><span style=\"vertical-align: inherit;\">Vous pouvez en apprendre davantage sur la fa\u00e7on dont nous diagnostiquons les taches pulmonaires gr\u00e2ce au programme de notre h\u00f4pital pr\u00e8s de Chicago. <\/span><span style=\"vertical-align: inherit;\">&#8211; Dr. <\/span><span style=\"vertical-align: inherit;\">K<\/span><\/span><\/p>\n<p><strong><span style=\"vertical-align: inherit;\"><span style=\"vertical-align: inherit;\">Q : Quels sont les signes du cancer du poumon ? <\/span><span style=\"vertical-align: inherit;\">-Terry<\/span><\/span><\/strong><\/p>\n<p><strong><span style=\"vertical-align: inherit;\"><span style=\"vertical-align: inherit;\">Pour :<\/span><\/span><\/strong><span style=\"vertical-align: inherit;\"><span style=\"vertical-align: inherit;\"> toux, essoufflement, crachats de sang, perte de poids, fatigue. <\/span><span style=\"vertical-align: inherit;\">Cependant, la plupart des patients ne pr\u00e9sentent aucun sympt\u00f4me, c&rsquo;est pourquoi le d\u00e9pistage est important chez les personnes \u00e0 haut risque. <\/span><span style=\"vertical-align: inherit;\">&#8211; Dr. <\/span><span style=\"vertical-align: inherit;\">K<\/span><\/span><\/p>\n<p><strong><span style=\"vertical-align: inherit;\"><span style=\"vertical-align: inherit;\">Q : <\/span><\/span><\/strong><strong><span style=\"vertical-align: inherit;\"><span style=\"vertical-align: inherit;\">Quel <\/span><\/span><\/strong><strong><span style=\"vertical-align: inherit;\"><span style=\"vertical-align: inherit;\">genre d&rsquo;innovation se produit dans le domaine du cancer du poumon ? <\/span><span style=\"vertical-align: inherit;\">&#8211; Brooke<\/span><\/span><\/strong><\/p>\n<p><strong><span style=\"vertical-align: inherit;\"><span style=\"vertical-align: inherit;\">L :<\/span><\/span><\/strong><span style=\"vertical-align: inherit;\"><span style=\"vertical-align: inherit;\"> Le cancer du poumon \u00e9volue dans deux directions diff\u00e9rentes : les th\u00e9rapies cibl\u00e9es et l&rsquo;immunoth\u00e9rapie. <\/span><span style=\"vertical-align: inherit;\">Les th\u00e9rapies cibl\u00e9es combinent des m\u00e9dicaments et des mutations motrices identifi\u00e9es dans le cancer d&rsquo;un individu. <\/span><span style=\"vertical-align: inherit;\">Les th\u00e9rapies immunostimulantes utilisent la puissance du syst\u00e8me immunitaire pour tuer directement les cellules canc\u00e9reuses. <\/span><span style=\"vertical-align: inherit;\">Il existe de nombreux agents actuellement disponibles, et dans la phase de test, ils tirent parti de ces deux approches diff\u00e9rentes. <\/span><span style=\"vertical-align: inherit;\">&#8211; Docteur<\/span><\/span><\/p>\n<p><strong><span style=\"vertical-align: inherit;\"><span style=\"vertical-align: inherit;\">Q\u00a0: Qu&rsquo;avez-vous entendu qui aiderait les gens \u00e0 surmonter l&rsquo;abstinence pour arr\u00eater de fumer\u00a0? <\/span><span style=\"vertical-align: inherit;\">&#8211; F\u00e9licia<\/span><\/span><\/strong><\/p>\n<p><strong><span style=\"vertical-align: inherit;\"><span style=\"vertical-align: inherit;\">L :<\/span><\/span><\/strong><span style=\"vertical-align: inherit;\"><span style=\"vertical-align: inherit;\"> Un bon programme de sevrage tabagique et un bon syst\u00e8me de soutien sont essentiels pour lutter contre la d\u00e9pendance \u00e0 la nicotine. <\/span><span style=\"vertical-align: inherit;\">&#8211; Dr. <\/span><span style=\"vertical-align: inherit;\">K<\/span><\/span><\/p>\n<p><strong><span style=\"vertical-align: inherit;\"><span style=\"vertical-align: inherit;\">Q : J&rsquo;ai toujours entendu dire que le tabagisme \u00e9tait la cause du cancer du poumon. <\/span><span style=\"vertical-align: inherit;\">Et ceux qui n&rsquo;ont jamais fum\u00e9 ? <\/span><span style=\"vertical-align: inherit;\">&#8211; Kony<\/span><\/span><\/strong><\/p>\n<p><strong><span style=\"vertical-align: inherit;\"><span style=\"vertical-align: inherit;\">L :<\/span><\/span><\/strong><span style=\"vertical-align: inherit;\"><span style=\"vertical-align: inherit;\"> Le cancer du poumon se d\u00e9veloppe chez les non-fumeurs, environ 10 pour cent d&rsquo;entre eux. <\/span><span style=\"vertical-align: inherit;\">D&rsquo;autres causes incluent l&rsquo;amiante, le radon et d&rsquo;autres expositions environnementales. <\/span><span style=\"vertical-align: inherit;\">Les non-fumeurs ont un taux plus \u00e9lev\u00e9 de mutations qui peuvent \u00eatre attaqu\u00e9es avec des pilules que la chimioth\u00e9rapie conventionnelle. <\/span><span style=\"vertical-align: inherit;\">&#8211; Dr. <\/span><span style=\"vertical-align: inherit;\">bon. <\/span><span style=\"vertical-align: inherit;\">K<\/span><\/span><\/p>\n<p><strong><span style=\"vertical-align: inherit;\"><span style=\"vertical-align: inherit;\">Q : J&rsquo;aimerais savoir si les m\u00e9decins ont utilis\u00e9 le nivolumab. <\/span><span style=\"vertical-align: inherit;\">&#8211; Ren\u00e9<\/span><\/span><\/strong><\/p>\n<p><strong><span style=\"vertical-align: inherit;\"><span style=\"vertical-align: inherit;\">L. :<\/span><\/span><\/strong><span style=\"vertical-align: inherit;\"><span style=\"vertical-align: inherit;\"> Oui. <\/span><span style=\"vertical-align: inherit;\">\u00c0 l&rsquo;heure actuelle, il a \u00e9t\u00e9 approuv\u00e9 par la FDA uniquement pour le cancer du poumon \u00e0 cellules squameuses. <\/span><span style=\"vertical-align: inherit;\">Je suis tr\u00e8s enthousiasm\u00e9 par le potentiel de ce m\u00e9dicament. <\/span><span style=\"vertical-align: inherit;\">&#8211; Dr. <\/span><span style=\"vertical-align: inherit;\">c<\/span><\/span><\/p>\n<p><strong><span style=\"vertical-align: inherit;\"><span style=\"vertical-align: inherit;\">P : Quelle est la probabilit\u00e9 de d\u00e9velopper un cancer du poumon lorsque la tumeur carcino\u00efde est retir\u00e9e ? <\/span><span style=\"vertical-align: inherit;\">&#8211; boum<\/span><\/span><\/strong><\/p>\n<p><strong><span style=\"vertical-align: inherit;\"><span style=\"vertical-align: inherit;\">L :<\/span><\/span><\/strong><span style=\"vertical-align: inherit;\"><span style=\"vertical-align: inherit;\"> Tr\u00e8s peu probable, mais vous devriez \u00eatre suivi de pr\u00e8s par des pneumologues. <\/span><span style=\"vertical-align: inherit;\">&#8211; Dr. <\/span><span style=\"vertical-align: inherit;\">K<\/span><\/span><\/p>\n<p><strong><span style=\"vertical-align: inherit;\"><span style=\"vertical-align: inherit;\">Q : La bronchopneumopathie chronique obstructive (BPCO) m\u00e8ne-t-elle directement au cancer du poumon ? <\/span><span style=\"vertical-align: inherit;\">&#8211; composition musicale<\/span><\/span><\/strong><\/p>\n<p><strong><span style=\"vertical-align: inherit;\"><span style=\"vertical-align: inherit;\">L :<\/span><\/span><\/strong><span style=\"vertical-align: inherit;\"><span style=\"vertical-align: inherit;\"> Le m\u00eame facteur de risque de BPCO provoque \u00e9galement le cancer du poumon : le tabagisme. <\/span><span style=\"vertical-align: inherit;\">Par cons\u00e9quent, les patients atteints de MPOC sont plus susceptibles de d\u00e9velopper un cancer du poumon. <\/span><span style=\"vertical-align: inherit;\">&#8211; Dr. <\/span><span style=\"vertical-align: inherit;\">c<\/span><\/span><\/p>\n<p><strong><span style=\"vertical-align: inherit;\"><span style=\"vertical-align: inherit;\">Q : Ma s\u0153ur a un cancer du poumon de stade 4 avec six m\u00e9tastases c\u00e9r\u00e9brales, et le cancer est pr\u00e9sent dans diff\u00e9rentes parties de son corps. <\/span><span style=\"vertical-align: inherit;\">Seriez-vous ou seriez-vous candidat \u00e0 l&rsquo;immunoth\u00e9rapie ou \u00e0 d&rsquo;autres th\u00e9rapies cibl\u00e9es, ou ne fonctionnent-elles que si le cancer est isol\u00e9\u00a0? <\/span><span style=\"vertical-align: inherit;\">&#8211; R\u00e9gina<\/span><\/span><\/strong><\/p>\n<p><strong><span style=\"vertical-align: inherit;\"><span style=\"vertical-align: inherit;\">L :<\/span><\/span><\/strong><span style=\"vertical-align: inherit;\"><span style=\"vertical-align: inherit;\"> \u00c0 l&rsquo;heure actuelle, seules les immunoth\u00e9rapies sont approuv\u00e9es pour le cancer du poumon \u00e0 cellules squameuses. <\/span><span style=\"vertical-align: inherit;\">Cependant, cela est susceptible de changer dans un proche avenir. <\/span><span style=\"vertical-align: inherit;\">Les th\u00e9rapies sp\u00e9cifiquement cibl\u00e9es doivent \u00eatre adapt\u00e9es aux caract\u00e9ristiques du cancer du patient. <\/span><span style=\"vertical-align: inherit;\">&#8211; Dr. <\/span><span style=\"vertical-align: inherit;\">c<\/span><\/span><\/p>\n<p><strong><span style=\"vertical-align: inherit;\"><span style=\"vertical-align: inherit;\">Q : J&rsquo;ai perdu mon grand-p\u00e8re, certains de mes cousins \u200b\u200bet plusieurs de mes oncles et tantes \u00e0 cause d&rsquo;un cancer du poumon. <\/span><span style=\"vertical-align: inherit;\">Ma m\u00e8re a un cancer du sein. <\/span><span style=\"vertical-align: inherit;\">J&rsquo;ai eu un cancer pr\u00e9-ut\u00e9rin \u00e0 l&rsquo;\u00e2ge de 16 ans. <\/span><span style=\"vertical-align: inherit;\">Mes s\u0153urs avaient aussi diff\u00e9rents types de cancer. <\/span><span style=\"vertical-align: inherit;\">Cependant, pourquoi disent-ils que le cancer n&rsquo;est pas g\u00e9n\u00e9tique ? <\/span><span style=\"vertical-align: inherit;\">&#8211; l\u00e0-bas<\/span><\/span><\/strong><\/p>\n<p><strong><span style=\"vertical-align: inherit;\"><span style=\"vertical-align: inherit;\">L :<\/span><\/span><\/strong><span style=\"vertical-align: inherit;\"><span style=\"vertical-align: inherit;\"> Teresa, c&rsquo;est une question difficile. <\/span><span style=\"vertical-align: inherit;\">Nous recommandons une \u00e9valuation par un conseiller en g\u00e9n\u00e9tique pour mieux comprendre vos risques et ceux de votre famille. <\/span><span style=\"vertical-align: inherit;\">Vous pouvez en apprendre davantage sur le conseil g\u00e9n\u00e9tique, y compris les avantages et les risques psychologiques impliqu\u00e9s. <\/span><span style=\"vertical-align: inherit;\">&#8211; Docteur<\/span><\/span><\/p>\n<p><strong><span style=\"vertical-align: inherit;\"><span style=\"vertical-align: inherit;\">Q : Mes deux parents avaient un cancer du poumon. <\/span><span style=\"vertical-align: inherit;\">J&rsquo;ai 52 ans et un ancien fumeur. <\/span><span style=\"vertical-align: inherit;\">Que fournissent les examens pulmonaires? <\/span><span style=\"vertical-align: inherit;\">&#8211; Tracy<\/span><\/span><\/strong><\/p>\n<p><strong><span style=\"vertical-align: inherit;\"><span style=\"vertical-align: inherit;\">L\u00a0: Une<\/span><\/span><\/strong><span style=\"vertical-align: inherit;\"><span style=\"vertical-align: inherit;\"> tomodensitom\u00e9trie des poumons permet de d\u00e9tecter le cancer du poumon \u00e0 un stade pr\u00e9coce, ce qui peut am\u00e9liorer les r\u00e9sultats du traitement. <\/span><span style=\"vertical-align: inherit;\">&#8211; Dr. <\/span><span style=\"vertical-align: inherit;\">K<\/span><\/span><\/p>\n<p><strong><span style=\"vertical-align: inherit;\"><span style=\"vertical-align: inherit;\">Q : Quelle est la diff\u00e9rence entre les tests g\u00e9n\u00e9tiques et g\u00e9nomiques ? <\/span><span style=\"vertical-align: inherit;\">&#8211; Suzanne<\/span><\/span><\/strong><\/p>\n<p><strong><span style=\"vertical-align: inherit;\"><span style=\"vertical-align: inherit;\">L\u00a0:<\/span><\/span><\/strong><span style=\"vertical-align: inherit;\"><span style=\"vertical-align: inherit;\">\u00a0Pensez aux tests g\u00e9nomiques comme \u00e0 la prise de la tumeur elle-m\u00eame et \u00e0 la compr\u00e9hension de ses moteurs, pourquoi la cellule est devenue canc\u00e9reuse. <\/span><span style=\"vertical-align: inherit;\">Les tests du g\u00e9nome vous permettent de le nommer pour son moteur unique, le contr\u00f4leur mol\u00e9culaire. <\/span><span style=\"vertical-align: inherit;\">Ensuite, il peut attaquer le cancer en se basant sur ce moteur mol\u00e9culaire. <\/span><span style=\"vertical-align: inherit;\">Les tests g\u00e9n\u00e9tiques consistent \u00e0 comprendre ce que vos parents vous ont donn\u00e9 et ce qui a \u00e9t\u00e9 transmis \u00e0 vos enfants. <\/span><span style=\"vertical-align: inherit;\">En ce qui concerne les tests g\u00e9n\u00e9tiques li\u00e9s au cancer du poumon, la recherche est en cours. <\/span><span style=\"vertical-align: inherit;\">&#8211; Dr.<\/span><\/span><\/p>\n<p><span style=\"vertical-align: inherit;\"><span style=\"vertical-align: inherit;\">Apprenez-en davantage sur le cancer du poumon, y compris sur la fa\u00e7on dont il est diagnostiqu\u00e9 et trait\u00e9.<\/span><\/span><\/p>\n<\/div>\n","protected":false},"excerpt":{"rendered":"<p>R\u00e9pondre \u00e0 vos questions sur le cancer du poumon Les experts en cancer du poumon Dr. Le cancer du poumon est le deuxi\u00e8me cancer non cutan\u00e9 le plus courant chez les hommes et les femmes am\u00e9ricains, et nous savons qu&rsquo;il y a de nombreuses questions sur la maladie, de la fa\u00e7on dont elle se d\u00e9veloppe &hellip;<\/p>\n","protected":false},"author":1,"featured_media":13920,"comment_status":"open","ping_status":"open","sticky":false,"template":"","format":"standard","meta":{"footnotes":""},"categories":[17],"tags":[],"class_list":["post-14152","post","type-post","status-publish","format-standard","has-post-thumbnail","hentry","category-non-classifiee"],"yoast_head":"<!-- This site is optimized with the Yoast SEO plugin v25.4 - https:\/\/yoast.com\/wordpress\/plugins\/seo\/ -->\n<title>R\u00e9pondre \u00e0 vos questions sur le cancer du poumon - zdmaa<\/title>\n<meta name=\"robots\" content=\"index, follow, max-snippet:-1, max-image-preview:large, max-video-preview:-1\" \/>\n<link rel=\"canonical\" href=\"https:\/\/zdmaa.com\/fr\/answering-your-questions-about-lung-cancer\/\" \/>\n<meta property=\"og:locale\" content=\"fr_FR\" \/>\n<meta property=\"og:type\" content=\"article\" \/>\n<meta property=\"og:title\" content=\"R\u00e9pondre \u00e0 vos questions sur le cancer du poumon - zdmaa\" \/>\n<meta property=\"og:description\" content=\"R\u00e9pondre \u00e0 vos questions sur le cancer du poumon Les experts en cancer du poumon Dr. Le cancer du poumon est le deuxi\u00e8me cancer non cutan\u00e9 le plus courant chez les hommes et les femmes am\u00e9ricains, et nous savons qu&rsquo;il y a de nombreuses questions sur la maladie, de la fa\u00e7on dont elle se d\u00e9veloppe &hellip;\" \/>\n<meta property=\"og:url\" content=\"https:\/\/zdmaa.com\/fr\/answering-your-questions-about-lung-cancer\/\" \/>\n<meta property=\"og:site_name\" content=\"zdmaa\" \/>\n<meta property=\"article:published_time\" content=\"2021-12-31T23:09:36+00:00\" \/>\n<meta property=\"article:modified_time\" content=\"2022-01-02T10:46:32+00:00\" \/>\n<meta property=\"og:image\" content=\"https:\/\/zdmaa.com\/wp-content\/uploads\/2022\/01\/question-mark-gc8ea6eb6b_640.jpg\" \/>\n\t<meta property=\"og:image:width\" content=\"640\" \/>\n\t<meta property=\"og:image:height\" content=\"640\" \/>\n\t<meta property=\"og:image:type\" content=\"image\/jpeg\" \/>\n<meta name=\"author\" content=\"admin\" \/>\n<meta name=\"twitter:card\" content=\"summary_large_image\" \/>\n<meta name=\"twitter:label1\" content=\"\u00c9crit par\" \/>\n\t<meta name=\"twitter:data1\" content=\"admin\" \/>\n\t<meta name=\"twitter:label2\" content=\"Dur\u00e9e de lecture estim\u00e9e\" \/>\n\t<meta name=\"twitter:data2\" content=\"6 minutes\" \/>\n<script type=\"application\/ld+json\" class=\"yoast-schema-graph\">{\"@context\":\"https:\/\/schema.org\",\"@graph\":[{\"@type\":\"WebPage\",\"@id\":\"https:\/\/zdmaa.com\/fr\/answering-your-questions-about-lung-cancer\/\",\"url\":\"https:\/\/zdmaa.com\/fr\/answering-your-questions-about-lung-cancer\/\",\"name\":\"R\u00e9pondre \u00e0 vos questions sur le cancer du poumon - zdmaa\",\"isPartOf\":{\"@id\":\"https:\/\/zdmaa.com\/fr\/ro\/#website\"},\"primaryImageOfPage\":{\"@id\":\"https:\/\/zdmaa.com\/fr\/answering-your-questions-about-lung-cancer\/#primaryimage\"},\"image\":{\"@id\":\"https:\/\/zdmaa.com\/fr\/answering-your-questions-about-lung-cancer\/#primaryimage\"},\"thumbnailUrl\":\"https:\/\/zdmaa.com\/wp-content\/uploads\/2022\/01\/question-mark-gc8ea6eb6b_640.jpg\",\"datePublished\":\"2021-12-31T23:09:36+00:00\",\"dateModified\":\"2022-01-02T10:46:32+00:00\",\"author\":{\"@id\":\"https:\/\/zdmaa.com\/fr\/ro\/#\/schema\/person\/8aad4cf5d562d4ca835487f6149853e3\"},\"breadcrumb\":{\"@id\":\"https:\/\/zdmaa.com\/fr\/answering-your-questions-about-lung-cancer\/#breadcrumb\"},\"inLanguage\":\"fr-FR\",\"potentialAction\":[{\"@type\":\"ReadAction\",\"target\":[\"https:\/\/zdmaa.com\/fr\/answering-your-questions-about-lung-cancer\/\"]}]},{\"@type\":\"ImageObject\",\"inLanguage\":\"fr-FR\",\"@id\":\"https:\/\/zdmaa.com\/fr\/answering-your-questions-about-lung-cancer\/#primaryimage\",\"url\":\"https:\/\/zdmaa.com\/wp-content\/uploads\/2022\/01\/question-mark-gc8ea6eb6b_640.jpg\",\"contentUrl\":\"https:\/\/zdmaa.com\/wp-content\/uploads\/2022\/01\/question-mark-gc8ea6eb6b_640.jpg\",\"width\":640,\"height\":640,\"caption\":\"Answering your questions about lung cancer\"},{\"@type\":\"BreadcrumbList\",\"@id\":\"https:\/\/zdmaa.com\/fr\/answering-your-questions-about-lung-cancer\/#breadcrumb\",\"itemListElement\":[{\"@type\":\"ListItem\",\"position\":1,\"name\":\"\u0627\u0644\u0631\u0626\u064a\u0633\u064a\u0629\",\"item\":\"https:\/\/zdmaa.com\/fr\/\"},{\"@type\":\"ListItem\",\"position\":2,\"name\":\"R\u00e9pondre \u00e0 vos questions sur le cancer du poumon\"}]},{\"@type\":\"WebSite\",\"@id\":\"https:\/\/zdmaa.com\/fr\/ro\/#website\",\"url\":\"https:\/\/zdmaa.com\/fr\/ro\/\",\"name\":\"zdmaa\",\"description\":\"zdmaa\",\"potentialAction\":[{\"@type\":\"SearchAction\",\"target\":{\"@type\":\"EntryPoint\",\"urlTemplate\":\"https:\/\/zdmaa.com\/fr\/ro\/?s={search_term_string}\"},\"query-input\":{\"@type\":\"PropertyValueSpecification\",\"valueRequired\":true,\"valueName\":\"search_term_string\"}}],\"inLanguage\":\"fr-FR\"},{\"@type\":\"Person\",\"@id\":\"https:\/\/zdmaa.com\/fr\/ro\/#\/schema\/person\/8aad4cf5d562d4ca835487f6149853e3\",\"name\":\"admin\",\"image\":{\"@type\":\"ImageObject\",\"inLanguage\":\"fr-FR\",\"@id\":\"https:\/\/zdmaa.com\/fr\/ro\/#\/schema\/person\/image\/\",\"url\":\"https:\/\/zdmaa.com\/wp-content\/litespeed\/avatar\/dff6d89ac221c1aaf9366bf5b4cd32de.jpg?ver=1777164375\",\"contentUrl\":\"https:\/\/zdmaa.com\/wp-content\/litespeed\/avatar\/dff6d89ac221c1aaf9366bf5b4cd32de.jpg?ver=1777164375\",\"caption\":\"admin\"},\"sameAs\":[\"https:\/\/zdmaa.com\"],\"url\":\"https:\/\/zdmaa.com\/fr\/author\/admin\/\"}]}<\/script>\n<!-- \/ Yoast SEO plugin. -->","yoast_head_json":{"title":"R\u00e9pondre \u00e0 vos questions sur le cancer du poumon - zdmaa","robots":{"index":"index","follow":"follow","max-snippet":"max-snippet:-1","max-image-preview":"max-image-preview:large","max-video-preview":"max-video-preview:-1"},"canonical":"https:\/\/zdmaa.com\/fr\/answering-your-questions-about-lung-cancer\/","og_locale":"fr_FR","og_type":"article","og_title":"R\u00e9pondre \u00e0 vos questions sur le cancer du poumon - zdmaa","og_description":"R\u00e9pondre \u00e0 vos questions sur le cancer du poumon Les experts en cancer du poumon Dr. Le cancer du poumon est le deuxi\u00e8me cancer non cutan\u00e9 le plus courant chez les hommes et les femmes am\u00e9ricains, et nous savons qu&rsquo;il y a de nombreuses questions sur la maladie, de la fa\u00e7on dont elle se d\u00e9veloppe &hellip;","og_url":"https:\/\/zdmaa.com\/fr\/answering-your-questions-about-lung-cancer\/","og_site_name":"zdmaa","article_published_time":"2021-12-31T23:09:36+00:00","article_modified_time":"2022-01-02T10:46:32+00:00","og_image":[{"width":640,"height":640,"url":"https:\/\/zdmaa.com\/wp-content\/uploads\/2022\/01\/question-mark-gc8ea6eb6b_640.jpg","type":"image\/jpeg"}],"author":"admin","twitter_card":"summary_large_image","twitter_misc":{"\u00c9crit par":"admin","Dur\u00e9e de lecture estim\u00e9e":"6 minutes"},"schema":{"@context":"https:\/\/schema.org","@graph":[{"@type":"WebPage","@id":"https:\/\/zdmaa.com\/fr\/answering-your-questions-about-lung-cancer\/","url":"https:\/\/zdmaa.com\/fr\/answering-your-questions-about-lung-cancer\/","name":"R\u00e9pondre \u00e0 vos questions sur le cancer du poumon - zdmaa","isPartOf":{"@id":"https:\/\/zdmaa.com\/fr\/ro\/#website"},"primaryImageOfPage":{"@id":"https:\/\/zdmaa.com\/fr\/answering-your-questions-about-lung-cancer\/#primaryimage"},"image":{"@id":"https:\/\/zdmaa.com\/fr\/answering-your-questions-about-lung-cancer\/#primaryimage"},"thumbnailUrl":"https:\/\/zdmaa.com\/wp-content\/uploads\/2022\/01\/question-mark-gc8ea6eb6b_640.jpg","datePublished":"2021-12-31T23:09:36+00:00","dateModified":"2022-01-02T10:46:32+00:00","author":{"@id":"https:\/\/zdmaa.com\/fr\/ro\/#\/schema\/person\/8aad4cf5d562d4ca835487f6149853e3"},"breadcrumb":{"@id":"https:\/\/zdmaa.com\/fr\/answering-your-questions-about-lung-cancer\/#breadcrumb"},"inLanguage":"fr-FR","potentialAction":[{"@type":"ReadAction","target":["https:\/\/zdmaa.com\/fr\/answering-your-questions-about-lung-cancer\/"]}]},{"@type":"ImageObject","inLanguage":"fr-FR","@id":"https:\/\/zdmaa.com\/fr\/answering-your-questions-about-lung-cancer\/#primaryimage","url":"https:\/\/zdmaa.com\/wp-content\/uploads\/2022\/01\/question-mark-gc8ea6eb6b_640.jpg","contentUrl":"https:\/\/zdmaa.com\/wp-content\/uploads\/2022\/01\/question-mark-gc8ea6eb6b_640.jpg","width":640,"height":640,"caption":"Answering your questions about lung cancer"},{"@type":"BreadcrumbList","@id":"https:\/\/zdmaa.com\/fr\/answering-your-questions-about-lung-cancer\/#breadcrumb","itemListElement":[{"@type":"ListItem","position":1,"name":"\u0627\u0644\u0631\u0626\u064a\u0633\u064a\u0629","item":"https:\/\/zdmaa.com\/fr\/"},{"@type":"ListItem","position":2,"name":"R\u00e9pondre \u00e0 vos questions sur le cancer du poumon"}]},{"@type":"WebSite","@id":"https:\/\/zdmaa.com\/fr\/ro\/#website","url":"https:\/\/zdmaa.com\/fr\/ro\/","name":"zdmaa","description":"zdmaa","potentialAction":[{"@type":"SearchAction","target":{"@type":"EntryPoint","urlTemplate":"https:\/\/zdmaa.com\/fr\/ro\/?s={search_term_string}"},"query-input":{"@type":"PropertyValueSpecification","valueRequired":true,"valueName":"search_term_string"}}],"inLanguage":"fr-FR"},{"@type":"Person","@id":"https:\/\/zdmaa.com\/fr\/ro\/#\/schema\/person\/8aad4cf5d562d4ca835487f6149853e3","name":"admin","image":{"@type":"ImageObject","inLanguage":"fr-FR","@id":"https:\/\/zdmaa.com\/fr\/ro\/#\/schema\/person\/image\/","url":"https:\/\/zdmaa.com\/wp-content\/litespeed\/avatar\/dff6d89ac221c1aaf9366bf5b4cd32de.jpg?ver=1777164375","contentUrl":"https:\/\/zdmaa.com\/wp-content\/litespeed\/avatar\/dff6d89ac221c1aaf9366bf5b4cd32de.jpg?ver=1777164375","caption":"admin"},"sameAs":["https:\/\/zdmaa.com"],"url":"https:\/\/zdmaa.com\/fr\/author\/admin\/"}]}},"_links":{"self":[{"href":"https:\/\/zdmaa.com\/fr\/wp-json\/wp\/v2\/posts\/14152","targetHints":{"allow":["GET"]}}],"collection":[{"href":"https:\/\/zdmaa.com\/fr\/wp-json\/wp\/v2\/posts"}],"about":[{"href":"https:\/\/zdmaa.com\/fr\/wp-json\/wp\/v2\/types\/post"}],"author":[{"embeddable":true,"href":"https:\/\/zdmaa.com\/fr\/wp-json\/wp\/v2\/users\/1"}],"replies":[{"embeddable":true,"href":"https:\/\/zdmaa.com\/fr\/wp-json\/wp\/v2\/comments?post=14152"}],"version-history":[{"count":1,"href":"https:\/\/zdmaa.com\/fr\/wp-json\/wp\/v2\/posts\/14152\/revisions"}],"predecessor-version":[{"id":14167,"href":"https:\/\/zdmaa.com\/fr\/wp-json\/wp\/v2\/posts\/14152\/revisions\/14167"}],"wp:featuredmedia":[{"embeddable":true,"href":"https:\/\/zdmaa.com\/fr\/wp-json\/wp\/v2\/media\/13920"}],"wp:attachment":[{"href":"https:\/\/zdmaa.com\/fr\/wp-json\/wp\/v2\/media?parent=14152"}],"wp:term":[{"taxonomy":"category","embeddable":true,"href":"https:\/\/zdmaa.com\/fr\/wp-json\/wp\/v2\/categories?post=14152"},{"taxonomy":"post_tag","embeddable":true,"href":"https:\/\/zdmaa.com\/fr\/wp-json\/wp\/v2\/tags?post=14152"}],"curies":[{"name":"wp","href":"https:\/\/api.w.org\/{rel}","templated":true}]}}