{"id":24396,"date":"2022-01-12T14:49:40","date_gmt":"2022-01-12T11:49:40","guid":{"rendered":"https:\/\/zdmaa.com\/vitamin-d-vital-but-out-of-reach-for-cancer-patients\/"},"modified":"2022-01-13T02:35:18","modified_gmt":"2022-01-12T23:35:18","slug":"vitamin-d-vital-but-out-of-reach-for-cancer-patients","status":"publish","type":"post","link":"https:\/\/zdmaa.com\/fr\/vitamin-d-vital-but-out-of-reach-for-cancer-patients\/","title":{"rendered":"Vitamine D : vitale mais hors de port\u00e9e pour les patients atteints de cancer"},"content":{"rendered":"<p><span style=\"vertical-align: inherit;\"><span style=\"vertical-align: inherit;\"><span style=\"vertical-align: inherit;\"><span class=\"\" style=\"vertical-align: inherit;\">Vitamine D : vitale mais hors de port\u00e9e pour les patients atteints de cancer<\/span><\/span><\/span><\/span><\/p>\n<div>\n<p><span style=\"vertical-align: inherit;\"><span style=\"vertical-align: inherit;\">Les mois d&rsquo;\u00e9t\u00e9 apportent souvent beaucoup de soleil et avec eux de nombreuses opportunit\u00e9s pour le corps de fabriquer de la vitamine D. <\/span><span style=\"vertical-align: inherit;\">C&rsquo;est du moins ce que pensent beaucoup de gens. <\/span><span style=\"vertical-align: inherit;\">En fait, il est difficile pour la plupart des gens d&rsquo;obtenir suffisamment de vitamine D chaque jour, ce qui est important car le corps a besoin du nutriment pour absorber le calcium et favoriser la sant\u00e9 des os. <\/span><span style=\"vertical-align: inherit;\">En fait, la carence en vitamine D est un probl\u00e8me r\u00e9pandu dans le monde, selon un article de 2015 des National Institutes of Health. <\/span><span style=\"vertical-align: inherit;\">Cela peut \u00eatre d\u00fb au fait que la vitamine n&rsquo;est pas naturellement disponible dans la plupart des aliments, ou parce qu&rsquo;obtenir ce dont vous avez besoin du soleil, sa principale source naturelle, peut n\u00e9cessiter une exposition excessive aux rayons UV nocifs qui endommagent la peau. <\/span><span style=\"vertical-align: inherit;\">Pour de nombreux patients atteints de cancer, il est difficile d&rsquo;obtenir suffisamment de vitamine D, car les traitements contre la maladie peuvent rendre la peau plus sensible aux dommages caus\u00e9s par le soleil. <\/span><span style=\"vertical-align: inherit;\">L&rsquo;inqui\u00e9tude est aggrav\u00e9e parce que les bienfaits de la vitamine D sont particuli\u00e8rement importants pour de nombreux patients atteints de cancer.<\/span><\/span><\/p>\n<p><span style=\"vertical-align: inherit;\"><span style=\"vertical-align: inherit;\">\u00ab\u00a0Les vitamines, en g\u00e9n\u00e9ral, sont des compos\u00e9s naturels qui aident \u00e0 diverses fonctions corporelles, y compris le m\u00e9tabolisme, la fonction nerveuse et la sant\u00e9 de la peau. La vitamine D, en particulier, aide \u00e0 fournir un soutien immunitaire, \u00e0 renforcer les os et \u00e0 r\u00e9guler le calcium dans le sang\u00a0\u00bb, explique Issam Alaouine. . , oncologue m\u00e9dical dans notre h\u00f4pital de Tulsa. <\/span><span style=\"vertical-align: inherit;\">Le Dr Alawin dit que les patients canc\u00e9reux qui re\u00e7oivent la dose recommand\u00e9e de vitamine D pendant le traitement r\u00e9duisent leurs risques d&rsquo;ost\u00e9oporose et de fractures osseuses, surtout si leur sch\u00e9ma th\u00e9rapeutique comprend certains traitements, tels que les st\u00e9ro\u00efdes ou les inhibiteurs hormonaux.<\/span><\/span><\/p>\n<h2><span style=\"vertical-align: inherit;\"><span style=\"vertical-align: inherit;\">En avoir assez<\/span><\/span><\/h2>\n<p><span style=\"vertical-align: inherit;\"><span style=\"vertical-align: inherit;\">Cependant, il n&rsquo;est pas toujours facile d&rsquo;obtenir une quantit\u00e9 ad\u00e9quate. <\/span><span style=\"vertical-align: inherit;\">Les sources naturelles de vitamine D sont limit\u00e9es. <\/span><span style=\"vertical-align: inherit;\">Certaines personnes supposent qu&rsquo;elles peuvent obtenir la vitamine des aliments qu&rsquo;elles consomment, mais la v\u00e9rit\u00e9 est que tr\u00e8s peu d&rsquo;aliments en contiennent suffisamment pour \u00eatre consid\u00e9r\u00e9s comme une source ad\u00e9quate. <\/span><span style=\"vertical-align: inherit;\">Les produits laitiers contiennent g\u00e9n\u00e9ralement plus de vitamine D que les autres aliments, mais m\u00eame le lait de vache, qui contient 400 UI de vitamine D par litre, n&rsquo;en contient pas assez si l&rsquo;on consid\u00e8re que l&rsquo;apport quotidien recommand\u00e9 pour la plupart des gens est de 600 UI, dit Matt. Reinhart, MS, RD, CSO, LD, qui dirige l&rsquo;\u00e9quipe de di\u00e9t\u00e9ticiens en oncologie clinique de notre h\u00f4pital de Tulsa. <\/span><span style=\"vertical-align: inherit;\">Le soleil est notre principale source naturelle de vitamine D, mais il comporte un risque d&rsquo;endommager la peau. <\/span><span style=\"vertical-align: inherit;\">\u00ab \u00c0 moins que vous ne buviez du lait et que vous ne b\u00e9n\u00e9ficiiez d&rsquo;une bonne quantit\u00e9 de soleil tous les jours, vous ne parviendrez probablement pas \u00e0 combler vos besoins en vitamine D \u00bb, explique Rinehart.<\/span><\/span><\/p>\n<p><span style=\"vertical-align: inherit;\"><span style=\"vertical-align: inherit;\">La carence en vitamine D est encore plus difficile \u00e0 combattre chez les patients canc\u00e9reux qui souffrent de fatigue et d&rsquo;autres effets secondaires difficiles du traitement du cancer. <\/span><span style=\"vertical-align: inherit;\">\u00ab \u00c0 cause de ses effets secondaires, de nombreux patients atteints de cancer pr\u00e9f\u00e8rent rester \u00e0 la maison \u00bb, explique le Dr Alaouine. <\/span><span style=\"vertical-align: inherit;\">\u00ab\u00a0Ils peuvent \u00eatre trop fatigu\u00e9s pour \u00eatre actifs \u00e0 l&rsquo;ext\u00e9rieur, ou ils peuvent avoir froid \u00e0 cause de l&rsquo;an\u00e9mie et vouloir rester couverts \u00e0 l&rsquo;int\u00e9rieur.\u00a0\u00bb<\/span><\/span><\/p>\n<p><span style=\"vertical-align: inherit;\"><span style=\"vertical-align: inherit;\">De nombreux oncologues recommandent \u00e9galement aux patients de rester \u00e0 l&rsquo;abri du soleil pour \u00e9viter les r\u00e9actions cutan\u00e9es pouvant r\u00e9sulter du traitement. <\/span><span style=\"vertical-align: inherit;\">La photosensibilit\u00e9, par exemple, est souvent caus\u00e9e par certains traitements, tels que la radioth\u00e9rapie, la th\u00e9rapie photodynamique et les m\u00e9dicaments de chimioth\u00e9rapie tels que le m\u00e9thotrexate (Folex <\/span><\/span><sup><span style=\"vertical-align: inherit;\"><span style=\"vertical-align: inherit;\">\u00ae<\/span><\/span><\/sup><span style=\"vertical-align: inherit;\"><span style=\"vertical-align: inherit;\"> , <\/span><span style=\"vertical-align: inherit;\">Mixat <\/span><\/span><sup><span style=\"vertical-align: inherit;\"><span style=\"vertical-align: inherit;\">\u00ae<\/span><\/span><\/sup><span style=\"vertical-align: inherit;\"><span style=\"vertical-align: inherit;\"> ), un m\u00e9dicament couramment utilis\u00e9 pour traiter la leuc\u00e9mie et les lymphomes, et le fluorouracile (Efudex <\/span><\/span><sup><span style=\"vertical-align: inherit;\"><span style=\"vertical-align: inherit;\">\u00ae<\/span><\/span><\/sup><span style=\"vertical-align: inherit;\"><span style=\"vertical-align: inherit;\"> , Adrucil <\/span><\/span><sup><span style=\"vertical-align: inherit;\"><span style=\"vertical-align: inherit;\">\u00ae).<\/span><\/span><\/sup><span style=\"vertical-align: inherit;\"><span style=\"vertical-align: inherit;\"> ), un m\u00e9dicament couramment utilis\u00e9 pour traiter le cancer du c\u00f4lon. <\/span><span style=\"vertical-align: inherit;\">Les effets de la photosensibilit\u00e9 peuvent aller d&rsquo;une l\u00e9g\u00e8re rougeur ou de petites taches pigment\u00e9es \u00e0 des cloques douloureuses ou \u00e0 une desquamation de la peau. <\/span><span style=\"vertical-align: inherit;\">\u00ab\u00a0Dans tous ces cas, une suppl\u00e9mentation en vitamine D est recommand\u00e9e\u00a0\u00bb, explique le Dr Alawin.<\/span><\/span><\/p>\n<h2><span style=\"vertical-align: inherit;\"><span style=\"vertical-align: inherit;\">Test de vitamine D recommand\u00e9<\/span><\/span><\/h2>\n<p><span style=\"vertical-align: inherit;\"><span style=\"vertical-align: inherit;\">C&rsquo;est une bonne id\u00e9e pour les patients atteints de cancer de faire tester leur taux de vitamine D une fois qu&rsquo;ils ont re\u00e7u un diagnostic de cancer, pendant le traitement et apr\u00e8s la fin du traitement r\u00e9guli\u00e8rement, dit Reinhart. <\/span><span style=\"vertical-align: inherit;\">Si les niveaux d&rsquo;un patient sont inf\u00e9rieurs aux valeurs recommand\u00e9es, votre m\u00e9decin ou votre di\u00e9t\u00e9ticien peut recommander des suppl\u00e9ments nutritionnels. <\/span><span style=\"vertical-align: inherit;\">Mais il est important de savoir quels suppl\u00e9ments sont s\u00fbrs et appropri\u00e9s, et de savoir que ces vitamines doivent \u00eatre prises avec de la nourriture.<\/span><\/span><\/p>\n<p><span style=\"vertical-align: inherit;\"><span style=\"vertical-align: inherit;\">La vitamine D est une vitamine liposoluble, ce qui signifie qu&rsquo;elle se dissout dans les graisses et les huiles dig\u00e9r\u00e9es avec les aliments et ne se dissout pas non plus lorsqu&rsquo;elle est prise seule. <\/span><span class=\"\" style=\"vertical-align: inherit;\">\u00ab\u00a0Nous voyons de nombreux patients qui prennent d\u00e9j\u00e0 des suppl\u00e9ments de vitamine D, mais comme personne ne les \u00e9duque sur le fait que le nutriment est liposoluble, ils n&rsquo;en profitent pas pleinement car ils ne le prennent pas avec un repas. , dit Reinhart. <\/span><span style=\"vertical-align: inherit;\">Mais \u00eatre liposoluble signifie \u00e9galement que la vitamine D peut s&rsquo;accumuler dans votre sang si vous en mangez trop, ce qui signifie que la prise d&rsquo;une dose plus \u00e9lev\u00e9e que celle recommand\u00e9e par votre m\u00e9decin ou votre di\u00e9t\u00e9ticien peut provoquer une toxicit\u00e9. <\/span><span style=\"vertical-align: inherit;\">\u00ab\u00a0C&rsquo;est pourquoi des contr\u00f4les et un suivi fr\u00e9quents sont si importants\u00a0\u00bb, explique Reinhart.<\/span><\/span><\/p>\n<p><span style=\"vertical-align: inherit;\"><span style=\"vertical-align: inherit;\">Les experts conviennent que davantage de recherches sont n\u00e9cessaires pour bien comprendre l&rsquo;effet de la vitamine D sur le corps. <\/span><span style=\"vertical-align: inherit;\">Avant de prendre des suppl\u00e9ments, demandez \u00e0 votre \u00e9quipe de soins s&rsquo;ils vous conviennent et s&rsquo;ils interf\u00e8rent avec votre traitement.<\/span><\/span><\/p>\n<\/div>\n","protected":false},"excerpt":{"rendered":"<p>Vitamine D : vitale mais hors de port\u00e9e pour les patients atteints de cancer Les mois d&rsquo;\u00e9t\u00e9 apportent souvent beaucoup de soleil et avec eux de nombreuses opportunit\u00e9s pour le corps de fabriquer de la vitamine D. C&rsquo;est du moins ce que pensent beaucoup de gens. En fait, il est difficile pour la plupart des &hellip;<\/p>\n","protected":false},"author":1,"featured_media":23283,"comment_status":"open","ping_status":"open","sticky":false,"template":"","format":"standard","meta":{"footnotes":""},"categories":[17],"tags":[],"class_list":["post-24396","post","type-post","status-publish","format-standard","has-post-thumbnail","hentry","category-non-classifiee"],"yoast_head":"<!-- This site is optimized with the Yoast SEO plugin v25.4 - https:\/\/yoast.com\/wordpress\/plugins\/seo\/ -->\n<title>Vitamine D : vitale mais hors de port\u00e9e pour les patients atteints de cancer - zdmaa<\/title>\n<meta name=\"robots\" content=\"index, follow, max-snippet:-1, max-image-preview:large, max-video-preview:-1\" \/>\n<link rel=\"canonical\" href=\"https:\/\/zdmaa.com\/fr\/vitamin-d-vital-but-out-of-reach-for-cancer-patients\/\" \/>\n<meta property=\"og:locale\" content=\"fr_FR\" \/>\n<meta property=\"og:type\" content=\"article\" \/>\n<meta property=\"og:title\" content=\"Vitamine D : vitale mais hors de port\u00e9e pour les patients atteints de cancer - zdmaa\" \/>\n<meta property=\"og:description\" content=\"Vitamine D : vitale mais hors de port\u00e9e pour les patients atteints de cancer Les mois d&rsquo;\u00e9t\u00e9 apportent souvent beaucoup de soleil et avec eux de nombreuses opportunit\u00e9s pour le corps de fabriquer de la vitamine D. C&rsquo;est du moins ce que pensent beaucoup de gens. En fait, il est difficile pour la plupart des &hellip;\" \/>\n<meta property=\"og:url\" content=\"https:\/\/zdmaa.com\/fr\/vitamin-d-vital-but-out-of-reach-for-cancer-patients\/\" \/>\n<meta property=\"og:site_name\" content=\"zdmaa\" \/>\n<meta property=\"article:published_time\" content=\"2022-01-12T11:49:40+00:00\" \/>\n<meta property=\"article:modified_time\" content=\"2022-01-12T23:35:18+00:00\" \/>\n<meta property=\"og:image\" content=\"https:\/\/zdmaa.com\/wp-content\/uploads\/2021\/12\/pill-gcb1387560_640.jpg\" \/>\n\t<meta property=\"og:image:width\" content=\"640\" \/>\n\t<meta property=\"og:image:height\" content=\"423\" \/>\n\t<meta property=\"og:image:type\" content=\"image\/jpeg\" \/>\n<meta name=\"author\" content=\"admin\" \/>\n<meta name=\"twitter:card\" content=\"summary_large_image\" \/>\n<meta name=\"twitter:label1\" content=\"\u00c9crit par\" \/>\n\t<meta name=\"twitter:data1\" content=\"admin\" \/>\n\t<meta name=\"twitter:label2\" content=\"Dur\u00e9e de lecture estim\u00e9e\" \/>\n\t<meta name=\"twitter:data2\" content=\"5 minutes\" \/>\n<script type=\"application\/ld+json\" class=\"yoast-schema-graph\">{\"@context\":\"https:\/\/schema.org\",\"@graph\":[{\"@type\":\"WebPage\",\"@id\":\"https:\/\/zdmaa.com\/fr\/vitamin-d-vital-but-out-of-reach-for-cancer-patients\/\",\"url\":\"https:\/\/zdmaa.com\/fr\/vitamin-d-vital-but-out-of-reach-for-cancer-patients\/\",\"name\":\"Vitamine D : vitale mais hors de port\u00e9e pour les patients atteints de cancer - zdmaa\",\"isPartOf\":{\"@id\":\"https:\/\/zdmaa.com\/fr\/ro\/#website\"},\"primaryImageOfPage\":{\"@id\":\"https:\/\/zdmaa.com\/fr\/vitamin-d-vital-but-out-of-reach-for-cancer-patients\/#primaryimage\"},\"image\":{\"@id\":\"https:\/\/zdmaa.com\/fr\/vitamin-d-vital-but-out-of-reach-for-cancer-patients\/#primaryimage\"},\"thumbnailUrl\":\"https:\/\/zdmaa.com\/wp-content\/uploads\/2021\/12\/pill-gcb1387560_640.jpg\",\"datePublished\":\"2022-01-12T11:49:40+00:00\",\"dateModified\":\"2022-01-12T23:35:18+00:00\",\"author\":{\"@id\":\"https:\/\/zdmaa.com\/fr\/ro\/#\/schema\/person\/8aad4cf5d562d4ca835487f6149853e3\"},\"breadcrumb\":{\"@id\":\"https:\/\/zdmaa.com\/fr\/vitamin-d-vital-but-out-of-reach-for-cancer-patients\/#breadcrumb\"},\"inLanguage\":\"fr-FR\",\"potentialAction\":[{\"@type\":\"ReadAction\",\"target\":[\"https:\/\/zdmaa.com\/fr\/vitamin-d-vital-but-out-of-reach-for-cancer-patients\/\"]}]},{\"@type\":\"ImageObject\",\"inLanguage\":\"fr-FR\",\"@id\":\"https:\/\/zdmaa.com\/fr\/vitamin-d-vital-but-out-of-reach-for-cancer-patients\/#primaryimage\",\"url\":\"https:\/\/zdmaa.com\/wp-content\/uploads\/2021\/12\/pill-gcb1387560_640.jpg\",\"contentUrl\":\"https:\/\/zdmaa.com\/wp-content\/uploads\/2021\/12\/pill-gcb1387560_640.jpg\",\"width\":640,\"height\":423,\"caption\":\"Vitamin D: Vital But Elusive for Cancer Patients\"},{\"@type\":\"BreadcrumbList\",\"@id\":\"https:\/\/zdmaa.com\/fr\/vitamin-d-vital-but-out-of-reach-for-cancer-patients\/#breadcrumb\",\"itemListElement\":[{\"@type\":\"ListItem\",\"position\":1,\"name\":\"\u0627\u0644\u0631\u0626\u064a\u0633\u064a\u0629\",\"item\":\"https:\/\/zdmaa.com\/fr\/\"},{\"@type\":\"ListItem\",\"position\":2,\"name\":\"Vitamine D : vitale mais hors de port\u00e9e pour les patients atteints de cancer\"}]},{\"@type\":\"WebSite\",\"@id\":\"https:\/\/zdmaa.com\/fr\/ro\/#website\",\"url\":\"https:\/\/zdmaa.com\/fr\/ro\/\",\"name\":\"zdmaa\",\"description\":\"zdmaa\",\"potentialAction\":[{\"@type\":\"SearchAction\",\"target\":{\"@type\":\"EntryPoint\",\"urlTemplate\":\"https:\/\/zdmaa.com\/fr\/ro\/?s={search_term_string}\"},\"query-input\":{\"@type\":\"PropertyValueSpecification\",\"valueRequired\":true,\"valueName\":\"search_term_string\"}}],\"inLanguage\":\"fr-FR\"},{\"@type\":\"Person\",\"@id\":\"https:\/\/zdmaa.com\/fr\/ro\/#\/schema\/person\/8aad4cf5d562d4ca835487f6149853e3\",\"name\":\"admin\",\"image\":{\"@type\":\"ImageObject\",\"inLanguage\":\"fr-FR\",\"@id\":\"https:\/\/zdmaa.com\/fr\/ro\/#\/schema\/person\/image\/\",\"url\":\"https:\/\/zdmaa.com\/wp-content\/litespeed\/avatar\/dff6d89ac221c1aaf9366bf5b4cd32de.jpg?ver=1777164375\",\"contentUrl\":\"https:\/\/zdmaa.com\/wp-content\/litespeed\/avatar\/dff6d89ac221c1aaf9366bf5b4cd32de.jpg?ver=1777164375\",\"caption\":\"admin\"},\"sameAs\":[\"https:\/\/zdmaa.com\"],\"url\":\"https:\/\/zdmaa.com\/fr\/author\/admin\/\"}]}<\/script>\n<!-- \/ Yoast SEO plugin. -->","yoast_head_json":{"title":"Vitamine D : vitale mais hors de port\u00e9e pour les patients atteints de cancer - zdmaa","robots":{"index":"index","follow":"follow","max-snippet":"max-snippet:-1","max-image-preview":"max-image-preview:large","max-video-preview":"max-video-preview:-1"},"canonical":"https:\/\/zdmaa.com\/fr\/vitamin-d-vital-but-out-of-reach-for-cancer-patients\/","og_locale":"fr_FR","og_type":"article","og_title":"Vitamine D : vitale mais hors de port\u00e9e pour les patients atteints de cancer - zdmaa","og_description":"Vitamine D : vitale mais hors de port\u00e9e pour les patients atteints de cancer Les mois d&rsquo;\u00e9t\u00e9 apportent souvent beaucoup de soleil et avec eux de nombreuses opportunit\u00e9s pour le corps de fabriquer de la vitamine D. C&rsquo;est du moins ce que pensent beaucoup de gens. En fait, il est difficile pour la plupart des &hellip;","og_url":"https:\/\/zdmaa.com\/fr\/vitamin-d-vital-but-out-of-reach-for-cancer-patients\/","og_site_name":"zdmaa","article_published_time":"2022-01-12T11:49:40+00:00","article_modified_time":"2022-01-12T23:35:18+00:00","og_image":[{"width":640,"height":423,"url":"https:\/\/zdmaa.com\/wp-content\/uploads\/2021\/12\/pill-gcb1387560_640.jpg","type":"image\/jpeg"}],"author":"admin","twitter_card":"summary_large_image","twitter_misc":{"\u00c9crit par":"admin","Dur\u00e9e de lecture estim\u00e9e":"5 minutes"},"schema":{"@context":"https:\/\/schema.org","@graph":[{"@type":"WebPage","@id":"https:\/\/zdmaa.com\/fr\/vitamin-d-vital-but-out-of-reach-for-cancer-patients\/","url":"https:\/\/zdmaa.com\/fr\/vitamin-d-vital-but-out-of-reach-for-cancer-patients\/","name":"Vitamine D : vitale mais hors de port\u00e9e pour les patients atteints de cancer - zdmaa","isPartOf":{"@id":"https:\/\/zdmaa.com\/fr\/ro\/#website"},"primaryImageOfPage":{"@id":"https:\/\/zdmaa.com\/fr\/vitamin-d-vital-but-out-of-reach-for-cancer-patients\/#primaryimage"},"image":{"@id":"https:\/\/zdmaa.com\/fr\/vitamin-d-vital-but-out-of-reach-for-cancer-patients\/#primaryimage"},"thumbnailUrl":"https:\/\/zdmaa.com\/wp-content\/uploads\/2021\/12\/pill-gcb1387560_640.jpg","datePublished":"2022-01-12T11:49:40+00:00","dateModified":"2022-01-12T23:35:18+00:00","author":{"@id":"https:\/\/zdmaa.com\/fr\/ro\/#\/schema\/person\/8aad4cf5d562d4ca835487f6149853e3"},"breadcrumb":{"@id":"https:\/\/zdmaa.com\/fr\/vitamin-d-vital-but-out-of-reach-for-cancer-patients\/#breadcrumb"},"inLanguage":"fr-FR","potentialAction":[{"@type":"ReadAction","target":["https:\/\/zdmaa.com\/fr\/vitamin-d-vital-but-out-of-reach-for-cancer-patients\/"]}]},{"@type":"ImageObject","inLanguage":"fr-FR","@id":"https:\/\/zdmaa.com\/fr\/vitamin-d-vital-but-out-of-reach-for-cancer-patients\/#primaryimage","url":"https:\/\/zdmaa.com\/wp-content\/uploads\/2021\/12\/pill-gcb1387560_640.jpg","contentUrl":"https:\/\/zdmaa.com\/wp-content\/uploads\/2021\/12\/pill-gcb1387560_640.jpg","width":640,"height":423,"caption":"Vitamin D: Vital But Elusive for Cancer Patients"},{"@type":"BreadcrumbList","@id":"https:\/\/zdmaa.com\/fr\/vitamin-d-vital-but-out-of-reach-for-cancer-patients\/#breadcrumb","itemListElement":[{"@type":"ListItem","position":1,"name":"\u0627\u0644\u0631\u0626\u064a\u0633\u064a\u0629","item":"https:\/\/zdmaa.com\/fr\/"},{"@type":"ListItem","position":2,"name":"Vitamine D : vitale mais hors de port\u00e9e pour les patients atteints de cancer"}]},{"@type":"WebSite","@id":"https:\/\/zdmaa.com\/fr\/ro\/#website","url":"https:\/\/zdmaa.com\/fr\/ro\/","name":"zdmaa","description":"zdmaa","potentialAction":[{"@type":"SearchAction","target":{"@type":"EntryPoint","urlTemplate":"https:\/\/zdmaa.com\/fr\/ro\/?s={search_term_string}"},"query-input":{"@type":"PropertyValueSpecification","valueRequired":true,"valueName":"search_term_string"}}],"inLanguage":"fr-FR"},{"@type":"Person","@id":"https:\/\/zdmaa.com\/fr\/ro\/#\/schema\/person\/8aad4cf5d562d4ca835487f6149853e3","name":"admin","image":{"@type":"ImageObject","inLanguage":"fr-FR","@id":"https:\/\/zdmaa.com\/fr\/ro\/#\/schema\/person\/image\/","url":"https:\/\/zdmaa.com\/wp-content\/litespeed\/avatar\/dff6d89ac221c1aaf9366bf5b4cd32de.jpg?ver=1777164375","contentUrl":"https:\/\/zdmaa.com\/wp-content\/litespeed\/avatar\/dff6d89ac221c1aaf9366bf5b4cd32de.jpg?ver=1777164375","caption":"admin"},"sameAs":["https:\/\/zdmaa.com"],"url":"https:\/\/zdmaa.com\/fr\/author\/admin\/"}]}},"_links":{"self":[{"href":"https:\/\/zdmaa.com\/fr\/wp-json\/wp\/v2\/posts\/24396","targetHints":{"allow":["GET"]}}],"collection":[{"href":"https:\/\/zdmaa.com\/fr\/wp-json\/wp\/v2\/posts"}],"about":[{"href":"https:\/\/zdmaa.com\/fr\/wp-json\/wp\/v2\/types\/post"}],"author":[{"embeddable":true,"href":"https:\/\/zdmaa.com\/fr\/wp-json\/wp\/v2\/users\/1"}],"replies":[{"embeddable":true,"href":"https:\/\/zdmaa.com\/fr\/wp-json\/wp\/v2\/comments?post=24396"}],"version-history":[{"count":1,"href":"https:\/\/zdmaa.com\/fr\/wp-json\/wp\/v2\/posts\/24396\/revisions"}],"predecessor-version":[{"id":24427,"href":"https:\/\/zdmaa.com\/fr\/wp-json\/wp\/v2\/posts\/24396\/revisions\/24427"}],"wp:featuredmedia":[{"embeddable":true,"href":"https:\/\/zdmaa.com\/fr\/wp-json\/wp\/v2\/media\/23283"}],"wp:attachment":[{"href":"https:\/\/zdmaa.com\/fr\/wp-json\/wp\/v2\/media?parent=24396"}],"wp:term":[{"taxonomy":"category","embeddable":true,"href":"https:\/\/zdmaa.com\/fr\/wp-json\/wp\/v2\/categories?post=24396"},{"taxonomy":"post_tag","embeddable":true,"href":"https:\/\/zdmaa.com\/fr\/wp-json\/wp\/v2\/tags?post=24396"}],"curies":[{"name":"wp","href":"https:\/\/api.w.org\/{rel}","templated":true}]}}