{"id":19736,"date":"2022-01-07T14:19:32","date_gmt":"2022-01-07T11:19:32","guid":{"rendered":"https:\/\/zdmaa.com\/lung-cancer-qas-from-bruce-gershenhorn-do\/"},"modified":"2022-01-08T10:37:31","modified_gmt":"2022-01-08T07:37:31","slug":"lung-cancer-qas-from-bruce-gershenhorn-do","status":"publish","type":"post","link":"https:\/\/zdmaa.com\/tr\/lung-cancer-qas-from-bruce-gershenhorn-do\/","title":{"rendered":"Bruce Gershenhorn, DO&#8217;dan Akci\u011fer Kanseri Sorular\u0131 ve Cevaplar\u0131"},"content":{"rendered":"<p><span style=\"vertical-align: inherit;\"><span style=\"vertical-align: inherit;\"><span style=\"vertical-align: inherit;\"><span class=\"\" style=\"vertical-align: inherit;\">Bruce Gershenhorn, DO&#8217;dan Akci\u011fer Kanseri Sorular\u0131 ve Cevaplar\u0131<\/span><\/span><\/span><\/span><\/p>\n<div>\n<p><span style=\"vertical-align: inherit;\"><span style=\"vertical-align: inherit;\">Banliy\u00f6 Chicago Hastanesi&#8217;ndeki Akci\u011fer Merkezi m\u00fcd\u00fcr\u00fc MD Bruce Gershenhorn, akci\u011fer kanseri hakk\u0131ndaki sorular\u0131n\u0131z\u0131 yan\u0131tlamak i\u00e7in program\u0131ndan zaman ay\u0131rd\u0131. <\/span><span style=\"vertical-align: inherit;\">Akci\u011fer kanseri, Amerikal\u0131 erkek ve kad\u0131nlarda ikinci en yayg\u0131n cilt d\u0131\u015f\u0131 kanserdir ve hastal\u0131\u011f\u0131n nas\u0131l geli\u015fti\u011finden nas\u0131l tedavi edildi\u011fine kadar bir\u00e7ok soru oldu\u011funu biliyoruz.<\/span><\/span><\/p>\n<p><span style=\"vertical-align: inherit;\"><span style=\"vertical-align: inherit;\">Burada Amerika&#8217;daki kanser tedavi merkezlerinde son zamanlarda yap\u0131lan baz\u0131 konu\u015fmalar\u0131 \u00f6zetliyoruz. <\/span><\/span><sup><span style=\"vertical-align: inherit;\"><span style=\"vertical-align: inherit;\">\u00ae<\/span><\/span><\/sup><span style=\"vertical-align: inherit;\"><span style=\"vertical-align: inherit;\"> (CTCA) Facebook Sayfas\u0131.<\/span><\/span><\/p>\n<p><strong><span style=\"vertical-align: inherit;\"><span class=\"\" style=\"vertical-align: inherit;\">P: Kanser kal\u0131tsald\u0131r. <\/span><span style=\"vertical-align: inherit;\">Nas\u0131l kontrol ettirebilirim? <\/span><span style=\"vertical-align: inherit;\">&#8211; \u0130skender<\/span><\/span><\/strong><\/p>\n<p><strong><span style=\"vertical-align: inherit;\"><span style=\"vertical-align: inherit;\">\u0130\u00e7in:<\/span><\/span><\/strong><span style=\"vertical-align: inherit;\"><span style=\"vertical-align: inherit;\"> Akci\u011fer kanseri genellikle \u00e7evresel maruziyet ve sigara i\u00e7mek gibi ya\u015fam tarz\u0131 al\u0131\u015fkanl\u0131klar\u0131 nedeniyle olu\u015fur. <\/span><span style=\"vertical-align: inherit;\">Akci\u011fer kanseri nadiren kal\u0131tsald\u0131r ve \u015fu anda hastal\u0131\u011f\u0131 tespit edecek bir genetik test bulunmamaktad\u0131r. <\/span><span style=\"vertical-align: inherit;\">Endi\u015felerinizi doktorunuzla konu\u015fman\u0131z\u0131 tavsiye ederim.<\/span><\/span><\/p>\n<p><strong><span style=\"vertical-align: inherit;\"><span style=\"vertical-align: inherit;\">S: Akci\u011ferlerin renal h\u00fccreli karsinomu nas\u0131l tedavi edilir? <\/span><span style=\"vertical-align: inherit;\">&#8211; Edna<\/span><\/span><\/strong><\/p>\n<p><strong><span style=\"vertical-align: inherit;\"><span style=\"vertical-align: inherit;\">L:<\/span><\/span><\/strong><span style=\"vertical-align: inherit;\"><span style=\"vertical-align: inherit;\"> \u0130leri kanserler, bir onkolog taraf\u0131ndan kapsaml\u0131 bir de\u011ferlendirme gerektirir ve ikinci bir g\u00f6r\u00fc\u015ften faydalanabilir. <\/span><span style=\"vertical-align: inherit;\">Bir\u00e7ok de\u011fi\u015fken nedeniyle kesin bir \u00f6neride bulunmak zordur.<\/span><\/span><\/p>\n<h2><span style=\"vertical-align: inherit;\"><span style=\"vertical-align: inherit;\">Kemoterapi<\/span><\/span><\/h2>\n<p><strong><span style=\"vertical-align: inherit;\"><span style=\"vertical-align: inherit;\">S: Kemoterapiden sonra enerjim ne zaman geri d\u00f6ner? <\/span><span style=\"vertical-align: inherit;\">Bir y\u0131ldan fazla oldu. <\/span><span style=\"vertical-align: inherit;\">&#8211; Havlu<\/span><\/span><\/strong><\/p>\n<p><strong><span style=\"vertical-align: inherit;\"><span style=\"vertical-align: inherit;\">L:<\/span><\/span><\/strong><span style=\"vertical-align: inherit;\"><span style=\"vertical-align: inherit;\"> Genel olarak, enerji seviyeleri kemoterapi tamamland\u0131ktan bir veya iki ay sonra neredeyse normale d\u00f6ner. <\/span><span style=\"vertical-align: inherit;\">Ba\u015fka olas\u0131 nedenlerin olup olmad\u0131\u011f\u0131n\u0131 belirlemek ve yorgunlu\u011funuzu y\u00f6netmenize yard\u0131mc\u0131 olmak i\u00e7in doktorunuza dan\u0131\u015fman\u0131z\u0131 \u00f6neririm.<\/span><\/span><\/p>\n<p><strong><span style=\"vertical-align: inherit;\"><span style=\"vertical-align: inherit;\">S: Kemoterapiden sonra sa\u00e7lar\u0131m ne zaman uzar? <\/span><span style=\"vertical-align: inherit;\">&#8211; Karen<\/span><\/span><\/strong><\/p>\n<p><strong><span style=\"vertical-align: inherit;\"><span style=\"vertical-align: inherit;\">L:<\/span><\/span><\/strong><span style=\"vertical-align: inherit;\"><span style=\"vertical-align: inherit;\"> Sa\u00e7 b\u00fcy\u00fcmesi genellikle kemoterapiyi b\u0131rakt\u0131ktan sonraki bir ay i\u00e7inde ba\u015flar.<\/span><\/span><\/p>\n<p><strong><span style=\"vertical-align: inherit;\"><span style=\"vertical-align: inherit;\">S: Remisyonday\u0131m! <\/span><span style=\"vertical-align: inherit;\">Ama bana tekrar kanser olma riskimin \u00e7ok y\u00fcksek oldu\u011funu s\u00f6ylediler. <\/span><span style=\"vertical-align: inherit;\">Bu m\u00fcmk\u00fcn m\u00fc? <\/span><span style=\"vertical-align: inherit;\">&#8211; gen<\/span><\/span><\/strong><\/p>\n<p><strong><span style=\"vertical-align: inherit;\"><span style=\"vertical-align: inherit;\">L:<\/span><\/span><\/strong><span style=\"vertical-align: inherit;\"><span style=\"vertical-align: inherit;\"> \u00d6ncelikle, tavsiyen i\u00e7in tebrikler! <\/span><span style=\"vertical-align: inherit;\">Ne yaz\u0131k ki, kanserler bazen geri gelebilir. <\/span><span style=\"vertical-align: inherit;\">Doktorunuzla takip etmenizi tavsiye ederim. <\/span><span style=\"vertical-align: inherit;\">Tekrarlama oran\u0131 y\u00fcksekse yak\u0131n izleme \u00f6nerilir.<\/span><\/span><\/p>\n<p><strong><span style=\"vertical-align: inherit;\"><span style=\"vertical-align: inherit;\">S: <\/span><\/span><\/strong> <strong><span style=\"vertical-align: inherit;\"><span style=\"vertical-align: inherit;\">Kanser h\u00fccreleri alkali bir v\u00fccutta hayatta kalabilir mi? <\/span><span style=\"vertical-align: inherit;\">&#8211; Suzy<\/span><\/span><\/strong><\/p>\n<p><strong><span style=\"vertical-align: inherit;\"><span style=\"vertical-align: inherit;\">L:<\/span><\/span><\/strong><span style=\"vertical-align: inherit;\"><span style=\"vertical-align: inherit;\"> Ortalama v\u00fccut pH seviyesi 7.4&#8217;t\u00fcr ve genellikle yol vermez. <\/span><span style=\"vertical-align: inherit;\">Asidik veya alkali g\u0131dalar\u0131n v\u00fccuda girmesi, kan\u0131n pH&#8217;\u0131 de\u011fi\u015ftirilemedi\u011fi i\u00e7in ger\u00e7ek bir alkali durum olu\u015fturamaz.<\/span><\/span><\/p>\n<h2><span style=\"vertical-align: inherit;\"><span style=\"vertical-align: inherit;\">Metastatik renal h\u00fccreli karsinom<\/span><\/span><\/h2>\n<p><strong><span style=\"vertical-align: inherit;\"><span style=\"vertical-align: inherit;\">P: Hiler bir kitle halinde akci\u011ferlere yay\u0131lm\u0131\u015f renal h\u00fccreli karsinomu nas\u0131l tedavi ediyorsunuz? <\/span><span style=\"vertical-align: inherit;\">-Kai<\/span><\/span><\/strong><\/p>\n<p><strong><span style=\"vertical-align: inherit;\"><span style=\"vertical-align: inherit;\">L:<\/span><\/span><\/strong><span style=\"vertical-align: inherit;\"><span style=\"vertical-align: inherit;\"> Kanser tedavisinde herkese uyan tek bir yakla\u015f\u0131m yoktur. <\/span><span style=\"vertical-align: inherit;\">B\u00f6brek kanseri tedavisinde \u00e7ok ilerleme kaydedilmi\u015ftir ve uygun bir tavsiyede bulunulmadan \u00f6nce durumunuzun kapsaml\u0131 bir \u015fekilde de\u011ferlendirilmesi garanti edilir.<\/span><\/span><\/p>\n<p><strong><span style=\"vertical-align: inherit;\"><span style=\"vertical-align: inherit;\">S: K\u00fc\u00e7\u00fck ve k\u00fc\u00e7\u00fck olmayan h\u00fccreler aras\u0131ndaki fark nedir? <\/span><span style=\"vertical-align: inherit;\">&#8211; Chelsea<\/span><\/span><\/strong><\/p>\n<p><strong><span style=\"vertical-align: inherit;\"><span style=\"vertical-align: inherit;\">L:<\/span><\/span><\/strong><span style=\"vertical-align: inherit;\"><span style=\"vertical-align: inherit;\"> Kanser h\u00fccresinin k\u00f6keni bir t\u00fcrden di\u011ferine de\u011fi\u015fir. <\/span><span style=\"vertical-align: inherit;\">K\u00fc\u00e7\u00fck ve k\u00fc\u00e7\u00fck h\u00fccreli olmayan karsinomlar \u00e7o\u011funlukla akci\u011ferlerde ba\u015flar, ancak h\u00fccre davran\u0131\u015f\u0131, yay\u0131lma \u015fekli ve tedaviye yan\u0131t de\u011fi\u015febilir. <\/span><span style=\"vertical-align: inherit;\">\u0130htiya\u00e7lar\u0131n\u0131za uygun bir bak\u0131m plan\u0131n\u0131n tasarlanabilmesi i\u00e7in bireysel tedaviler derinlemesine d\u00fc\u015f\u00fcn\u00fclmeli ve de\u011ferlendirilmelidir.<\/span><\/span><\/p>\n<p><strong><span style=\"vertical-align: inherit;\"><span style=\"vertical-align: inherit;\">S: K\u00fc\u00e7\u00fck h\u00fccreli akci\u011fer kanseri i\u00e7in hayatta kalma oranlar\u0131n\u0131z nelerdir? <\/span><span style=\"vertical-align: inherit;\">&#8211; Okumak<\/span><\/span><\/strong><\/p>\n<p><span style=\"vertical-align: inherit;\"><span style=\"vertical-align: inherit;\">\u015eunlar <\/span><strong><span style=\"vertical-align: inherit;\">i\u00e7in:<\/span><\/strong><span style=\"vertical-align: inherit;\"> Akci\u011fer kanseri sa\u011fkal\u0131m istatistikleri hakk\u0131nda daha fazla bilgiyi burada bulabilirsiniz. <\/span><span style=\"vertical-align: inherit;\">Yeni tedavi se\u00e7enekleri ve imm\u00fcnoterapilerin geli\u015fiyle, hayatta kalma istatistiklerinin gelecekte \u00e7arp\u0131c\u0131 bi\u00e7imde geli\u015fmeye devam edece\u011fini umuyorum.<\/span><\/span><\/p>\n<p><strong><span style=\"vertical-align: inherit;\"><span style=\"vertical-align: inherit;\">S: Sesini kaybetmek veya daha y\u00fcksek perdelere ula\u015famamak akci\u011fer problemlerini g\u00f6sterebilir mi? <\/span><span style=\"vertical-align: inherit;\">&#8211; o tarafta<\/span><\/span><\/strong><\/p>\n<p><strong><span style=\"vertical-align: inherit;\"><span style=\"vertical-align: inherit;\">L:<\/span><\/span><\/strong><span style=\"vertical-align: inherit;\"><span style=\"vertical-align: inherit;\"> Ses k\u0131s\u0131kl\u0131\u011f\u0131 genellikle ses teli i\u015flevindeki de\u011fi\u015fikliklerle ili\u015fkilidir. <\/span><span style=\"vertical-align: inherit;\">Bir kulak burun bo\u011faz uzman\u0131 ile de\u011ferlendirmenizi tavsiye ederim.<\/span><\/span><\/p>\n<p><strong><span style=\"vertical-align: inherit;\"><span style=\"vertical-align: inherit;\">S: Yerel hastanemde bir BT taramas\u0131 yapt\u0131rmay\u0131 planl\u0131yorum. <\/span><span style=\"vertical-align: inherit;\">D\u00fc\u015f\u00fck doz dediler. <\/span><span style=\"vertical-align: inherit;\">bu ne? <\/span><span style=\"vertical-align: inherit;\">&#8211; Barbara<\/span><\/span><\/strong><\/p>\n<p><strong><span style=\"vertical-align: inherit;\"><span style=\"vertical-align: inherit;\">L:<\/span><\/span><\/strong><span style=\"vertical-align: inherit;\"><span style=\"vertical-align: inherit;\"> D\u00fc\u015f\u00fck doz BT akci\u011fer kanseri taramas\u0131 art\u0131k 55 ya\u015f ve \u00fczeri, 30 y\u0131ll\u0131k sigara i\u00e7me ge\u00e7mi\u015fi olan ve halen sigara i\u00e7en veya yak\u0131n zamanda b\u0131rakm\u0131\u015f ki\u015filer i\u00e7in bak\u0131m standard\u0131d\u0131r. <\/span><span style=\"vertical-align: inherit;\">15 ya\u015f\u0131nda. <\/span><span style=\"vertical-align: inherit;\">Akci\u011fer kanseri taramas\u0131n\u0131n sad\u0131k bir savunucusuyum \u00e7\u00fcnk\u00fc ara\u015ft\u0131rmalar \u00f6l\u00fcm oran\u0131n\u0131 y\u00fczde 20 azaltt\u0131\u011f\u0131n\u0131 g\u00f6steriyor.<\/span><\/span><\/p>\n<h2><span style=\"vertical-align: inherit;\"><span style=\"vertical-align: inherit;\">Akci\u011fer kanserinin ilk belirtileri<\/span><\/span><\/h2>\n<p><strong><span style=\"vertical-align: inherit;\"><span style=\"vertical-align: inherit;\">S: Akci\u011fer kanserinin ilk belirtileri nelerdir? <\/span><span style=\"vertical-align: inherit;\">&#8211; Rita<\/span><\/span><\/strong><\/p>\n<p><strong><span style=\"vertical-align: inherit;\"><span style=\"vertical-align: inherit;\">\u0130\u00e7in:<\/span><\/span><\/strong><span style=\"vertical-align: inherit;\"><span style=\"vertical-align: inherit;\"> S\u00fcrekli \u00f6ks\u00fcr\u00fck, kan t\u00fck\u00fcrme, nefes darl\u0131\u011f\u0131, g\u00f6\u011f\u00fcs a\u011fr\u0131s\u0131 ve kilo kayb\u0131 akci\u011fer kanserinin yayg\u0131n belirtileridir.<\/span><\/span><\/p>\n<p><strong><span style=\"vertical-align: inherit;\"><span style=\"vertical-align: inherit;\">S: Ebeveynlerimde ve b\u00fcy\u00fckanne ve b\u00fcy\u00fckbabamda kanser \u00f6yk\u00fcs\u00fc var. <\/span><span style=\"vertical-align: inherit;\">Genetik kanser taramas\u0131 i\u00e7in uygun muyum? <\/span><span style=\"vertical-align: inherit;\">&#8211; Patricia<\/span><\/span><\/strong><\/p>\n<p><span style=\"vertical-align: inherit;\"><span style=\"vertical-align: inherit;\">\u015eunlar <\/span><strong><span style=\"vertical-align: inherit;\">i\u00e7in:<\/span><\/strong><span style=\"vertical-align: inherit;\"> \u0130deal olarak, kanser (meme, yumurtal\u0131k, kolon veya endometriozis) ge\u00e7irmi\u015f olan ailenizin \u00fcyeleri genetik yatk\u0131nl\u0131k sendromlar\u0131 a\u00e7\u0131s\u0131ndan taranmal\u0131d\u0131r. <\/span><span style=\"vertical-align: inherit;\">Ellerinde olsayd\u0131, teste girmeleri uygun olurdu.<\/span><\/span><\/p>\n<p><strong><span style=\"vertical-align: inherit;\"><span style=\"vertical-align: inherit;\">P: Evre 1 akci\u011fer kanseri, lobektomi ge\u00e7irdim ve takip kemoterapisi veya radyasyonu almad\u0131m. <\/span><span style=\"vertical-align: inherit;\">Takip tedavileri almal\u0131 m\u0131yd\u0131m? <\/span><span style=\"vertical-align: inherit;\">&#8211; Deborah<\/span><\/span><\/strong><\/p>\n<p><strong><span style=\"vertical-align: inherit;\"><span style=\"vertical-align: inherit;\">L:<\/span><\/span><\/strong><span style=\"vertical-align: inherit;\"><span style=\"vertical-align: inherit;\"> Genel olarak evre I akci\u011fer kanserli hastalar\u0131 BT taramalar\u0131 ve klinik de\u011ferlendirmelerle rutin olarak takip ediyoruz.<\/span><\/span><\/p>\n<h2><span style=\"vertical-align: inherit;\"><span style=\"vertical-align: inherit;\">KOAH akci\u011fer kanseri oldu\u011fum anlam\u0131na m\u0131 geliyor?<\/span><\/span><\/h2>\n<p><strong><span style=\"vertical-align: inherit;\"><span style=\"vertical-align: inherit;\">S: KOAH&#8217;\u0131m var ve 10 dakikadan fazla ayakta durmakta zorlan\u0131yorum. <\/span><span style=\"vertical-align: inherit;\">Bu akci\u011fer kanseri belirtisi olabilir mi? <\/span><span style=\"vertical-align: inherit;\">&#8211; Rita<\/span><\/span><\/strong><\/p>\n<p><strong><span style=\"vertical-align: inherit;\"><span style=\"vertical-align: inherit;\">\u015eunlar i\u00e7in:<\/span><\/span><\/strong><span style=\"vertical-align: inherit;\"><span style=\"vertical-align: inherit;\"> Birinci basamak doktorunuzla s\u0131rt a\u011fr\u0131n\u0131z\u0131n de\u011ferlendirilmesini ve KOAH i\u00e7in g\u00f6\u011f\u00fcs hastal\u0131klar\u0131 uzman\u0131n\u0131zla d\u00fczenli takip yapman\u0131z\u0131 \u00f6neririm.<\/span><\/span><\/p>\n<p><strong><span style=\"vertical-align: inherit;\"><span style=\"vertical-align: inherit;\">S: Gland\u00fcler kansere ne sebep olur? <\/span><span style=\"vertical-align: inherit;\">&#8211; Julia<\/span><\/span><\/strong><\/p>\n<p><strong><span style=\"vertical-align: inherit;\"><span style=\"vertical-align: inherit;\">L:<\/span><\/span><\/strong><span style=\"vertical-align: inherit;\"><span style=\"vertical-align: inherit;\"> Akci\u011fer adenokarsinomlar\u0131nda bask\u0131n risk fakt\u00f6r\u00fc sigara i\u00e7mektir.<\/span><\/span><\/p>\n<p><span style=\"vertical-align: inherit;\"><span style=\"vertical-align: inherit;\">Bu bilgiler, profesyonel t\u0131bbi tavsiyenin yerine ge\u00e7meyi ama\u00e7lamaz veya ima etmez. <\/span><span style=\"vertical-align: inherit;\">Tedaviniz hakk\u0131nda karar vermeden \u00f6nce daima doktorunuzun veya di\u011fer kalifiye sa\u011fl\u0131k hizmeti sa\u011flay\u0131c\u0131n\u0131z\u0131n tavsiyesine ba\u015fvurun.<\/span><\/span><\/p>\n<\/div>\n","protected":false},"excerpt":{"rendered":"<p>Bruce Gershenhorn, DO&#8217;dan Akci\u011fer Kanseri Sorular\u0131 ve Cevaplar\u0131 Banliy\u00f6 Chicago Hastanesi&#8217;ndeki Akci\u011fer Merkezi m\u00fcd\u00fcr\u00fc MD Bruce Gershenhorn, akci\u011fer kanseri hakk\u0131ndaki sorular\u0131n\u0131z\u0131 yan\u0131tlamak i\u00e7in program\u0131ndan zaman ay\u0131rd\u0131. Akci\u011fer kanseri, Amerikal\u0131 erkek ve kad\u0131nlarda ikinci en yayg\u0131n cilt d\u0131\u015f\u0131 kanserdir ve hastal\u0131\u011f\u0131n nas\u0131l geli\u015fti\u011finden nas\u0131l tedavi edildi\u011fine kadar bir\u00e7ok soru oldu\u011funu biliyoruz. Burada Amerika&#8217;daki kanser tedavi merkezlerinde &hellip;<\/p>\n","protected":false},"author":1,"featured_media":18822,"comment_status":"open","ping_status":"open","sticky":false,"template":"","format":"standard","meta":{"footnotes":""},"categories":[25],"tags":[],"class_list":["post-19736","post","type-post","status-publish","format-standard","has-post-thumbnail","hentry","category-uncategorized-tr"],"yoast_head":"<!-- This site is optimized with the Yoast SEO plugin v25.4 - https:\/\/yoast.com\/wordpress\/plugins\/seo\/ -->\n<title>Bruce Gershenhorn, DO&#039;dan Akci\u011fer Kanseri Sorular\u0131 ve Cevaplar\u0131 - zdmaa<\/title>\n<meta name=\"robots\" content=\"index, follow, max-snippet:-1, max-image-preview:large, max-video-preview:-1\" \/>\n<link rel=\"canonical\" href=\"https:\/\/zdmaa.com\/tr\/lung-cancer-qas-from-bruce-gershenhorn-do\/\" \/>\n<meta property=\"og:locale\" content=\"tr_TR\" \/>\n<meta property=\"og:type\" content=\"article\" \/>\n<meta property=\"og:title\" content=\"Bruce Gershenhorn, DO&#039;dan Akci\u011fer Kanseri Sorular\u0131 ve Cevaplar\u0131 - zdmaa\" \/>\n<meta property=\"og:description\" content=\"Bruce Gershenhorn, DO&#8217;dan Akci\u011fer Kanseri Sorular\u0131 ve Cevaplar\u0131 Banliy\u00f6 Chicago Hastanesi&#8217;ndeki Akci\u011fer Merkezi m\u00fcd\u00fcr\u00fc MD Bruce Gershenhorn, akci\u011fer kanseri hakk\u0131ndaki sorular\u0131n\u0131z\u0131 yan\u0131tlamak i\u00e7in program\u0131ndan zaman ay\u0131rd\u0131. Akci\u011fer kanseri, Amerikal\u0131 erkek ve kad\u0131nlarda ikinci en yayg\u0131n cilt d\u0131\u015f\u0131 kanserdir ve hastal\u0131\u011f\u0131n nas\u0131l geli\u015fti\u011finden nas\u0131l tedavi edildi\u011fine kadar bir\u00e7ok soru oldu\u011funu biliyoruz. Burada Amerika&#8217;daki kanser tedavi merkezlerinde &hellip;\" \/>\n<meta property=\"og:url\" content=\"https:\/\/zdmaa.com\/tr\/lung-cancer-qas-from-bruce-gershenhorn-do\/\" \/>\n<meta property=\"og:site_name\" content=\"zdmaa\" \/>\n<meta property=\"article:published_time\" content=\"2022-01-07T11:19:32+00:00\" \/>\n<meta property=\"article:modified_time\" content=\"2022-01-08T07:37:31+00:00\" \/>\n<meta property=\"og:image\" content=\"https:\/\/zdmaa.com\/wp-content\/uploads\/2022\/01\/germ-gf43c811c8_640.png\" \/>\n\t<meta property=\"og:image:width\" content=\"640\" \/>\n\t<meta property=\"og:image:height\" content=\"622\" \/>\n\t<meta property=\"og:image:type\" content=\"image\/png\" \/>\n<meta name=\"author\" content=\"admin\" \/>\n<meta name=\"twitter:card\" content=\"summary_large_image\" \/>\n<meta name=\"twitter:label1\" content=\"Yazan:\" \/>\n\t<meta name=\"twitter:data1\" content=\"admin\" \/>\n\t<meta name=\"twitter:label2\" content=\"Tahmini okuma s\u00fcresi\" \/>\n\t<meta name=\"twitter:data2\" content=\"5 dakika\" \/>\n<script type=\"application\/ld+json\" class=\"yoast-schema-graph\">{\"@context\":\"https:\/\/schema.org\",\"@graph\":[{\"@type\":\"WebPage\",\"@id\":\"https:\/\/zdmaa.com\/tr\/lung-cancer-qas-from-bruce-gershenhorn-do\/\",\"url\":\"https:\/\/zdmaa.com\/tr\/lung-cancer-qas-from-bruce-gershenhorn-do\/\",\"name\":\"Bruce Gershenhorn, DO'dan Akci\u011fer Kanseri Sorular\u0131 ve Cevaplar\u0131 - zdmaa\",\"isPartOf\":{\"@id\":\"https:\/\/zdmaa.com\/tr\/ro\/#website\"},\"primaryImageOfPage\":{\"@id\":\"https:\/\/zdmaa.com\/tr\/lung-cancer-qas-from-bruce-gershenhorn-do\/#primaryimage\"},\"image\":{\"@id\":\"https:\/\/zdmaa.com\/tr\/lung-cancer-qas-from-bruce-gershenhorn-do\/#primaryimage\"},\"thumbnailUrl\":\"https:\/\/zdmaa.com\/wp-content\/uploads\/2022\/01\/germ-gf43c811c8_640.png\",\"datePublished\":\"2022-01-07T11:19:32+00:00\",\"dateModified\":\"2022-01-08T07:37:31+00:00\",\"author\":{\"@id\":\"https:\/\/zdmaa.com\/tr\/ro\/#\/schema\/person\/8aad4cf5d562d4ca835487f6149853e3\"},\"breadcrumb\":{\"@id\":\"https:\/\/zdmaa.com\/tr\/lung-cancer-qas-from-bruce-gershenhorn-do\/#breadcrumb\"},\"inLanguage\":\"tr\",\"potentialAction\":[{\"@type\":\"ReadAction\",\"target\":[\"https:\/\/zdmaa.com\/tr\/lung-cancer-qas-from-bruce-gershenhorn-do\/\"]}]},{\"@type\":\"ImageObject\",\"inLanguage\":\"tr\",\"@id\":\"https:\/\/zdmaa.com\/tr\/lung-cancer-qas-from-bruce-gershenhorn-do\/#primaryimage\",\"url\":\"https:\/\/zdmaa.com\/wp-content\/uploads\/2022\/01\/germ-gf43c811c8_640.png\",\"contentUrl\":\"https:\/\/zdmaa.com\/wp-content\/uploads\/2022\/01\/germ-gf43c811c8_640.png\",\"width\":640,\"height\":622,\"caption\":\"Lung Cancer Questions and Answers from Bruce Gershenhorn, DO\"},{\"@type\":\"BreadcrumbList\",\"@id\":\"https:\/\/zdmaa.com\/tr\/lung-cancer-qas-from-bruce-gershenhorn-do\/#breadcrumb\",\"itemListElement\":[{\"@type\":\"ListItem\",\"position\":1,\"name\":\"\u0627\u0644\u0631\u0626\u064a\u0633\u064a\u0629\",\"item\":\"https:\/\/zdmaa.com\/tr\/\"},{\"@type\":\"ListItem\",\"position\":2,\"name\":\"Bruce Gershenhorn, DO&#8217;dan Akci\u011fer Kanseri Sorular\u0131 ve Cevaplar\u0131\"}]},{\"@type\":\"WebSite\",\"@id\":\"https:\/\/zdmaa.com\/tr\/ro\/#website\",\"url\":\"https:\/\/zdmaa.com\/tr\/ro\/\",\"name\":\"zdmaa\",\"description\":\"zdmaa\",\"potentialAction\":[{\"@type\":\"SearchAction\",\"target\":{\"@type\":\"EntryPoint\",\"urlTemplate\":\"https:\/\/zdmaa.com\/tr\/ro\/?s={search_term_string}\"},\"query-input\":{\"@type\":\"PropertyValueSpecification\",\"valueRequired\":true,\"valueName\":\"search_term_string\"}}],\"inLanguage\":\"tr\"},{\"@type\":\"Person\",\"@id\":\"https:\/\/zdmaa.com\/tr\/ro\/#\/schema\/person\/8aad4cf5d562d4ca835487f6149853e3\",\"name\":\"admin\",\"image\":{\"@type\":\"ImageObject\",\"inLanguage\":\"tr\",\"@id\":\"https:\/\/zdmaa.com\/tr\/ro\/#\/schema\/person\/image\/\",\"url\":\"https:\/\/zdmaa.com\/wp-content\/litespeed\/avatar\/dff6d89ac221c1aaf9366bf5b4cd32de.jpg?ver=1777164375\",\"contentUrl\":\"https:\/\/zdmaa.com\/wp-content\/litespeed\/avatar\/dff6d89ac221c1aaf9366bf5b4cd32de.jpg?ver=1777164375\",\"caption\":\"admin\"},\"sameAs\":[\"https:\/\/zdmaa.com\"],\"url\":\"https:\/\/zdmaa.com\/tr\/author\/admin\/\"}]}<\/script>\n<!-- \/ Yoast SEO plugin. -->","yoast_head_json":{"title":"Bruce Gershenhorn, DO'dan Akci\u011fer Kanseri Sorular\u0131 ve Cevaplar\u0131 - zdmaa","robots":{"index":"index","follow":"follow","max-snippet":"max-snippet:-1","max-image-preview":"max-image-preview:large","max-video-preview":"max-video-preview:-1"},"canonical":"https:\/\/zdmaa.com\/tr\/lung-cancer-qas-from-bruce-gershenhorn-do\/","og_locale":"tr_TR","og_type":"article","og_title":"Bruce Gershenhorn, DO'dan Akci\u011fer Kanseri Sorular\u0131 ve Cevaplar\u0131 - zdmaa","og_description":"Bruce Gershenhorn, DO&#8217;dan Akci\u011fer Kanseri Sorular\u0131 ve Cevaplar\u0131 Banliy\u00f6 Chicago Hastanesi&#8217;ndeki Akci\u011fer Merkezi m\u00fcd\u00fcr\u00fc MD Bruce Gershenhorn, akci\u011fer kanseri hakk\u0131ndaki sorular\u0131n\u0131z\u0131 yan\u0131tlamak i\u00e7in program\u0131ndan zaman ay\u0131rd\u0131. Akci\u011fer kanseri, Amerikal\u0131 erkek ve kad\u0131nlarda ikinci en yayg\u0131n cilt d\u0131\u015f\u0131 kanserdir ve hastal\u0131\u011f\u0131n nas\u0131l geli\u015fti\u011finden nas\u0131l tedavi edildi\u011fine kadar bir\u00e7ok soru oldu\u011funu biliyoruz. Burada Amerika&#8217;daki kanser tedavi merkezlerinde &hellip;","og_url":"https:\/\/zdmaa.com\/tr\/lung-cancer-qas-from-bruce-gershenhorn-do\/","og_site_name":"zdmaa","article_published_time":"2022-01-07T11:19:32+00:00","article_modified_time":"2022-01-08T07:37:31+00:00","og_image":[{"width":640,"height":622,"url":"https:\/\/zdmaa.com\/wp-content\/uploads\/2022\/01\/germ-gf43c811c8_640.png","type":"image\/png"}],"author":"admin","twitter_card":"summary_large_image","twitter_misc":{"Yazan:":"admin","Tahmini okuma s\u00fcresi":"5 dakika"},"schema":{"@context":"https:\/\/schema.org","@graph":[{"@type":"WebPage","@id":"https:\/\/zdmaa.com\/tr\/lung-cancer-qas-from-bruce-gershenhorn-do\/","url":"https:\/\/zdmaa.com\/tr\/lung-cancer-qas-from-bruce-gershenhorn-do\/","name":"Bruce Gershenhorn, DO'dan Akci\u011fer Kanseri Sorular\u0131 ve Cevaplar\u0131 - zdmaa","isPartOf":{"@id":"https:\/\/zdmaa.com\/tr\/ro\/#website"},"primaryImageOfPage":{"@id":"https:\/\/zdmaa.com\/tr\/lung-cancer-qas-from-bruce-gershenhorn-do\/#primaryimage"},"image":{"@id":"https:\/\/zdmaa.com\/tr\/lung-cancer-qas-from-bruce-gershenhorn-do\/#primaryimage"},"thumbnailUrl":"https:\/\/zdmaa.com\/wp-content\/uploads\/2022\/01\/germ-gf43c811c8_640.png","datePublished":"2022-01-07T11:19:32+00:00","dateModified":"2022-01-08T07:37:31+00:00","author":{"@id":"https:\/\/zdmaa.com\/tr\/ro\/#\/schema\/person\/8aad4cf5d562d4ca835487f6149853e3"},"breadcrumb":{"@id":"https:\/\/zdmaa.com\/tr\/lung-cancer-qas-from-bruce-gershenhorn-do\/#breadcrumb"},"inLanguage":"tr","potentialAction":[{"@type":"ReadAction","target":["https:\/\/zdmaa.com\/tr\/lung-cancer-qas-from-bruce-gershenhorn-do\/"]}]},{"@type":"ImageObject","inLanguage":"tr","@id":"https:\/\/zdmaa.com\/tr\/lung-cancer-qas-from-bruce-gershenhorn-do\/#primaryimage","url":"https:\/\/zdmaa.com\/wp-content\/uploads\/2022\/01\/germ-gf43c811c8_640.png","contentUrl":"https:\/\/zdmaa.com\/wp-content\/uploads\/2022\/01\/germ-gf43c811c8_640.png","width":640,"height":622,"caption":"Lung Cancer Questions and Answers from Bruce Gershenhorn, DO"},{"@type":"BreadcrumbList","@id":"https:\/\/zdmaa.com\/tr\/lung-cancer-qas-from-bruce-gershenhorn-do\/#breadcrumb","itemListElement":[{"@type":"ListItem","position":1,"name":"\u0627\u0644\u0631\u0626\u064a\u0633\u064a\u0629","item":"https:\/\/zdmaa.com\/tr\/"},{"@type":"ListItem","position":2,"name":"Bruce Gershenhorn, DO&#8217;dan Akci\u011fer Kanseri Sorular\u0131 ve Cevaplar\u0131"}]},{"@type":"WebSite","@id":"https:\/\/zdmaa.com\/tr\/ro\/#website","url":"https:\/\/zdmaa.com\/tr\/ro\/","name":"zdmaa","description":"zdmaa","potentialAction":[{"@type":"SearchAction","target":{"@type":"EntryPoint","urlTemplate":"https:\/\/zdmaa.com\/tr\/ro\/?s={search_term_string}"},"query-input":{"@type":"PropertyValueSpecification","valueRequired":true,"valueName":"search_term_string"}}],"inLanguage":"tr"},{"@type":"Person","@id":"https:\/\/zdmaa.com\/tr\/ro\/#\/schema\/person\/8aad4cf5d562d4ca835487f6149853e3","name":"admin","image":{"@type":"ImageObject","inLanguage":"tr","@id":"https:\/\/zdmaa.com\/tr\/ro\/#\/schema\/person\/image\/","url":"https:\/\/zdmaa.com\/wp-content\/litespeed\/avatar\/dff6d89ac221c1aaf9366bf5b4cd32de.jpg?ver=1777164375","contentUrl":"https:\/\/zdmaa.com\/wp-content\/litespeed\/avatar\/dff6d89ac221c1aaf9366bf5b4cd32de.jpg?ver=1777164375","caption":"admin"},"sameAs":["https:\/\/zdmaa.com"],"url":"https:\/\/zdmaa.com\/tr\/author\/admin\/"}]}},"_links":{"self":[{"href":"https:\/\/zdmaa.com\/tr\/wp-json\/wp\/v2\/posts\/19736","targetHints":{"allow":["GET"]}}],"collection":[{"href":"https:\/\/zdmaa.com\/tr\/wp-json\/wp\/v2\/posts"}],"about":[{"href":"https:\/\/zdmaa.com\/tr\/wp-json\/wp\/v2\/types\/post"}],"author":[{"embeddable":true,"href":"https:\/\/zdmaa.com\/tr\/wp-json\/wp\/v2\/users\/1"}],"replies":[{"embeddable":true,"href":"https:\/\/zdmaa.com\/tr\/wp-json\/wp\/v2\/comments?post=19736"}],"version-history":[{"count":2,"href":"https:\/\/zdmaa.com\/tr\/wp-json\/wp\/v2\/posts\/19736\/revisions"}],"predecessor-version":[{"id":19761,"href":"https:\/\/zdmaa.com\/tr\/wp-json\/wp\/v2\/posts\/19736\/revisions\/19761"}],"wp:featuredmedia":[{"embeddable":true,"href":"https:\/\/zdmaa.com\/tr\/wp-json\/wp\/v2\/media\/18822"}],"wp:attachment":[{"href":"https:\/\/zdmaa.com\/tr\/wp-json\/wp\/v2\/media?parent=19736"}],"wp:term":[{"taxonomy":"category","embeddable":true,"href":"https:\/\/zdmaa.com\/tr\/wp-json\/wp\/v2\/categories?post=19736"},{"taxonomy":"post_tag","embeddable":true,"href":"https:\/\/zdmaa.com\/tr\/wp-json\/wp\/v2\/tags?post=19736"}],"curies":[{"name":"wp","href":"https:\/\/api.w.org\/{rel}","templated":true}]}}