{"id":26646,"date":"2023-03-25T14:50:53","date_gmt":"2023-03-25T11:50:53","guid":{"rendered":"https:\/\/zdmaa.com\/bmw2024\/"},"modified":"2023-03-25T15:07:00","modified_gmt":"2023-03-25T12:07:00","slug":"bmw2024","status":"publish","type":"post","link":"https:\/\/zdmaa.com\/tr\/bmw2024\/","title":{"rendered":"bmw2024"},"content":{"rendered":"<h1 class=\"keyword-text _ngcontent-vqv-108\" aria-label=\"bmw2024.  Bu, belirtti\u011finiz anahtar kelimedir.\"><span class=\"keyword _ngcontent-vqv-108\" aria-hidden=\"false\"><span style=\"vertical-align: inherit;\"><span style=\"vertical-align: inherit;\"><span style=\"vertical-align: inherit;\"><span style=\"vertical-align: inherit;\"><span style=\"vertical-align: inherit;\"><span style=\"vertical-align: inherit;\"><span style=\"vertical-align: inherit;\"><span style=\"vertical-align: inherit;\">bmw2024<\/span><\/span><\/span><\/span><\/span><\/span><\/span><\/span><\/span><\/h1>\n<p>&nbsp;<\/p>\n<section class=\"elementor-section elementor-top-section elementor-element elementor-element-4ffe39a elementor-reverse-mobile elementor-section-boxed elementor-section-height-default elementor-section-height-default\" data-id=\"4ffe39a\" data-element_type=\"section\" data-settings=\"{&quot;background_background&quot;:&quot;classic&quot;}\">\n<div class=\"elementor-container elementor-column-gap-default\">\n<div class=\"elementor-column elementor-col-100 elementor-top-column elementor-element elementor-element-c692f30\" data-id=\"c692f30\" data-element_type=\"column\">\n<div class=\"elementor-widget-wrap elementor-element-populated\">\n<section class=\"elementor-section elementor-inner-section elementor-element elementor-element-58e644f elementor-section-boxed elementor-section-height-default elementor-section-height-default\" data-id=\"58e644f\" data-element_type=\"section\">\n<div class=\"elementor-container elementor-column-gap-default\">\n<div class=\"elementor-column elementor-col-50 elementor-inner-column elementor-element elementor-element-2da33e5\" data-id=\"2da33e5\" data-element_type=\"column\">\n<div class=\"elementor-widget-wrap elementor-element-populated\">\n<div class=\"elementor-element elementor-element-a8a1e81 elementor-widget elementor-widget-theme-page-title elementor-page-title elementor-widget-heading\" data-id=\"a8a1e81\" data-element_type=\"widget\" data-widget_type=\"theme-page-title.default\">\n<div class=\"elementor-widget-container\">\n<h1 class=\"elementor-heading-title elementor-size-default\"><span style=\"vertical-align: inherit;\"><span style=\"vertical-align: inherit;\"><span style=\"vertical-align: inherit;\"><span style=\"vertical-align: inherit;\"><span style=\"vertical-align: inherit;\"><span style=\"vertical-align: inherit;\"><span style=\"vertical-align: inherit;\"><span style=\"vertical-align: inherit;\">Yeni 2024 BMW 5 Serisi hakk\u0131nda bildi\u011fimiz her \u015fey<\/span><\/span><\/span><\/span><\/span><\/span><\/span><\/span><\/h1>\n<\/div>\n<\/div>\n<div class=\"elementor-element elementor-element-1b8cadd elementor-align-right elementor-widget elementor-widget-post-info\" data-id=\"1b8cadd\" data-element_type=\"widget\" data-widget_type=\"post-info.default\">\n<div class=\"elementor-widget-container\">\n<p>&nbsp;<\/p>\n<\/div>\n<\/div>\n<div class=\"elementor-element elementor-element-59edd4b elementor-align-right elementor-widget elementor-widget-post-info\" data-id=\"59edd4b\" data-element_type=\"widget\" data-widget_type=\"post-info.default\">\n<div class=\"elementor-widget-container\">\n<ul class=\"elementor-inline-items elementor-icon-list-items elementor-post-info\">\n<li class=\"elementor-icon-list-item elementor-repeater-item-165af17 elementor-inline-item\"><span class=\"elementor-icon-list-text elementor-post-info__item elementor-post-info__item--type-terms\">\u00a0<span class=\"elementor-post-info__terms-list\"><span style=\"vertical-align: inherit;\"><span style=\"vertical-align: inherit;\"><span style=\"vertical-align: inherit;\"><span style=\"vertical-align: inherit;\"><span style=\"vertical-align: inherit;\"><span style=\"vertical-align: inherit;\"><span style=\"vertical-align: inherit;\"><span style=\"vertical-align: inherit;\">Yepyeni 2024 BMW 5 Serisi&#8217;nden (BMW 5 Serisi) ilk kez bahsetmiyoruz ama <\/span><\/span><\/span><\/span><\/span><\/span><\/span><\/span><\/span><\/span><span style=\"vertical-align: inherit;\"><span class=\"elementor-icon-list-text elementor-post-info__item elementor-post-info__item--type-terms\"><span class=\"elementor-post-info__item-prefix\"><span style=\"vertical-align: inherit;\"><span style=\"vertical-align: inherit;\"><span style=\"vertical-align: inherit;\"><span style=\"vertical-align: inherit;\"><span style=\"vertical-align: inherit;\"><span style=\"vertical-align: inherit;\"><span style=\"vertical-align: inherit;\">bug\u00fcn<\/span><\/span><\/span><\/span><\/span><\/span><\/span><\/span><\/span><\/span><span style=\"vertical-align: inherit;\"><span style=\"vertical-align: inherit;\"><span style=\"vertical-align: inherit;\"><span style=\"vertical-align: inherit;\"><span style=\"vertical-align: inherit;\"><span style=\"vertical-align: inherit;\"><span style=\"vertical-align: inherit;\"><span style=\"vertical-align: inherit;\"> size bu l\u00fcks sedan hakk\u0131nda sahip oldu\u011fumuz t\u00fcm bilgileri aktaraca\u011f\u0131z.<\/span><\/span><\/span><\/span><\/span><\/span><\/span><\/span><\/li>\n<\/ul>\n<\/div>\n<\/div>\n<\/div>\n<\/div>\n<\/div>\n<\/section>\n<\/div>\n<\/div>\n<\/div>\n<\/section>\n<section class=\"elementor-section elementor-top-section elementor-element elementor-element-f26e3e7 elementor-section-boxed elementor-section-height-default elementor-section-height-default\" data-id=\"f26e3e7\" data-element_type=\"section\">\n<div class=\"elementor-container elementor-column-gap-default\">\n<div class=\"elementor-column elementor-col-50 elementor-top-column elementor-element elementor-element-067a1b8\" data-id=\"067a1b8\" data-element_type=\"column\">\n<div class=\"elementor-widget-wrap elementor-element-populated\">\n<div class=\"elementor-element elementor-element-f2dc333 elementor-widget elementor-widget-theme-post-content\" data-id=\"f2dc333\" data-element_type=\"widget\" data-widget_type=\"theme-post-content.default\">\n<div class=\"elementor-widget-container\">\n<p><strong><span style=\"vertical-align: inherit;\"><span style=\"vertical-align: inherit;\"><span style=\"vertical-align: inherit;\"><span style=\"vertical-align: inherit;\"><span style=\"vertical-align: inherit;\"><span style=\"vertical-align: inherit;\"><span style=\"vertical-align: inherit;\"><span style=\"vertical-align: inherit;\">BMW 5 Serisinin sekizinci ve tamamen yeni neslinin <\/span><\/span><\/span><\/span><\/span><\/span><\/span><\/span><\/strong><span style=\"vertical-align: inherit;\"><span style=\"vertical-align: inherit;\"><span style=\"vertical-align: inherit;\"><span style=\"vertical-align: inherit;\"><span style=\"vertical-align: inherit;\"><span style=\"vertical-align: inherit;\"><span style=\"vertical-align: inherit;\"><a href=\"https:\/\/zdmaa.com\/tr\/mercedes-glc-coupe\/\"><span style=\"vertical-align: inherit;\">2023&#8217;te tan\u0131t\u0131lmas\u0131<\/span><\/a><\/span><\/span><\/span><\/span><\/span><\/span><\/span><span style=\"vertical-align: inherit;\"><span style=\"vertical-align: inherit;\"><span style=\"vertical-align: inherit;\"><span style=\"vertical-align: inherit;\"><span style=\"vertical-align: inherit;\"><span style=\"vertical-align: inherit;\"><span style=\"vertical-align: inherit;\"><span style=\"vertical-align: inherit;\"> bekleniyor\u00a0 <\/span><\/span><\/span><\/span><\/span><\/span><\/span><\/span><span style=\"vertical-align: inherit;\"><span style=\"vertical-align: inherit;\"><span style=\"vertical-align: inherit;\"><span style=\"vertical-align: inherit;\"><span style=\"vertical-align: inherit;\"><span style=\"vertical-align: inherit;\"><span style=\"vertical-align: inherit;\"><span style=\"vertical-align: inherit;\"> \u00a0.<\/span><\/span> <\/span><\/span><\/span><\/span><\/span><\/span><\/p>\n<p><span style=\"vertical-align: inherit;\"><span style=\"vertical-align: inherit;\"><span style=\"vertical-align: inherit;\"><span style=\"vertical-align: inherit;\"><span style=\"vertical-align: inherit;\"><span style=\"vertical-align: inherit;\"><span style=\"vertical-align: inherit;\"><span style=\"vertical-align: inherit;\">istekli ve prototipler, birinin \u015fekil \u00f6zelliklerini gizleyen kamuflaj k\u0131l\u0131\u011f\u0131na girmi\u015f durumda.<\/span><\/span><\/span><\/span><\/span><\/span><\/span><\/span><\/p>\n<p><span style=\"vertical-align: inherit;\"><span style=\"vertical-align: inherit;\"><span style=\"vertical-align: inherit;\"><span style=\"vertical-align: inherit;\"><span style=\"vertical-align: inherit;\"><span style=\"vertical-align: inherit;\"><span style=\"vertical-align: inherit;\"><span style=\"vertical-align: inherit;\">BMW&#8217;nin en yeni ara\u00e7lar\u0131 ve gizli testler y\u00fcr\u00fct\u00fcyor. <\/span><span style=\"vertical-align: inherit;\">\u015firket m\u00fchendisleri e\u015fli\u011finde M\u00fcnih, Almanya&#8217;da.<\/span><\/span><\/span><\/span><\/span><\/span><\/span><\/span><\/p>\n<figure id=\"attachment_26607\" aria-describedby=\"caption-attachment-26607\" style=\"width: 1024px\" class=\"wp-caption alignnone\"><img loading=\"lazy\" decoding=\"async\" class=\"size-large wp-image-26607\" src=\"https:\/\/zdmaa.com\/wp-content\/uploads\/2023\/03\/bmw2024-2-1024x576.jpg\" alt=\"bmw2024\" width=\"1024\" height=\"576\" srcset=\"https:\/\/zdmaa.com\/wp-content\/uploads\/2023\/03\/bmw2024-2-1024x576.jpg 1024w, https:\/\/zdmaa.com\/wp-content\/uploads\/2023\/03\/bmw2024-2-300x169.jpg 300w, https:\/\/zdmaa.com\/wp-content\/uploads\/2023\/03\/bmw2024-2-768x432.jpg 768w, https:\/\/zdmaa.com\/wp-content\/uploads\/2023\/03\/bmw2024-2-390x220.jpg 390w, https:\/\/zdmaa.com\/wp-content\/uploads\/2023\/03\/bmw2024-2.jpg 1049w\" sizes=\"auto, (max-width: 1024px) 100vw, 1024px\" \/><figcaption id=\"caption-attachment-26607\" class=\"wp-caption-text\"><span style=\"vertical-align: inherit;\"><span style=\"vertical-align: inherit;\">bmw2024<\/span><\/span><\/figcaption><\/figure>\n<p><span style=\"vertical-align: inherit;\"><span style=\"vertical-align: inherit;\"><span style=\"vertical-align: inherit;\"><span style=\"vertical-align: inherit;\"><span style=\"vertical-align: inherit;\"><span style=\"vertical-align: inherit;\"><span style=\"vertical-align: inherit;\"><span style=\"vertical-align: inherit;\">Ve casus foto\u011fraflar\u0131na dayanarak, yeni 2024 5 serisinin ne oldu\u011funu \u00f6neren bir dijital fantezi g\u00f6r\u00fcnt\u00fcs\u00fc \u00e7izildi.<\/span><\/span><\/span><\/span><\/span><\/span><\/span><\/span><\/p>\n<p><span style=\"vertical-align: inherit;\"><span style=\"vertical-align: inherit;\"><span style=\"vertical-align: inherit;\"><span style=\"vertical-align: inherit;\"><span style=\"vertical-align: inherit;\"><span style=\"vertical-align: inherit;\"><span style=\"vertical-align: inherit;\"><span style=\"vertical-align: inherit;\">Bu raporun \u00f6n plan\u0131nda size g\u00f6sterdi\u011fimiz araba \u015f\u00f6yle g\u00f6r\u00fcnebilir.<\/span><\/span><\/span><\/span><\/span><\/span><\/span><\/span><\/p>\n<h2 class=\"keyword-text _ngcontent-vqv-108\" aria-label=\"BMW.  Bu, sa\u011flad\u0131\u011f\u0131n\u0131z anahtar kelimedir.\"><span class=\"keyword _ngcontent-vqv-108\" aria-hidden=\"false\"><span style=\"vertical-align: inherit;\"><span style=\"vertical-align: inherit;\">BMW<\/span><\/span><\/span><\/h2>\n<div aria-label=\"BMW.  Bu, sa\u011flad\u0131\u011f\u0131n\u0131z anahtar kelimedir.\"><\/div>\n<p><span style=\"vertical-align: inherit;\"><span style=\"vertical-align: inherit;\"><span style=\"vertical-align: inherit;\"><span style=\"vertical-align: inherit;\"><span style=\"vertical-align: inherit;\"><span style=\"vertical-align: inherit;\"><span style=\"vertical-align: inherit;\"><span style=\"vertical-align: inherit;\">Bir hat\u0131rlatma olarak, mevcut nesil BMW\u00a0 <\/span><\/span><\/span><\/span><\/span><\/span><\/span><\/span><strong><span style=\"vertical-align: inherit;\"><span style=\"vertical-align: inherit;\"><span style=\"vertical-align: inherit;\"><span style=\"vertical-align: inherit;\"><span style=\"vertical-align: inherit;\"><span style=\"vertical-align: inherit;\"><span style=\"vertical-align: inherit;\"><span style=\"vertical-align: inherit;\">5 Serisi<\/span><\/span><\/span><\/span><\/span><\/span><\/span><\/span><\/strong><span style=\"vertical-align: inherit;\"><span style=\"vertical-align: inherit;\"><span style=\"vertical-align: inherit;\"><span style=\"vertical-align: inherit;\"><span style=\"vertical-align: inherit;\"><span style=\"vertical-align: inherit;\"><span style=\"vertical-align: inherit;\"><span style=\"vertical-align: inherit;\"> ara\u00e7lar 2016&#8217;da piyasaya \u00e7\u0131karken, 2020 BMW 5 Serisi i\u00e7in makyaj g\u00fcncellemeleri yap\u0131ld\u0131 ve yeni otomobil 2023&#8217;te 2024 modeli olarak piyasaya s\u00fcr\u00fclecek.<\/span><\/span><\/span><\/span><\/span><\/span><\/span><\/span><\/p>\n<p><span style=\"vertical-align: inherit;\"><span style=\"vertical-align: inherit;\"><span style=\"vertical-align: inherit;\"><span style=\"vertical-align: inherit;\"><span style=\"vertical-align: inherit;\"><span style=\"vertical-align: inherit;\"><a href=\"https:\/\/zdmaa.com\/tr\/mercedes-glc-coupe\/\"><span style=\"vertical-align: inherit;\"><span style=\"vertical-align: inherit;\">Bu 2024 BMW, CLAR dingil mesafesine<\/span><\/span><\/a><span style=\"vertical-align: inherit;\"><span style=\"vertical-align: inherit;\"> dayal\u0131 olacak ve <\/span><span style=\"vertical-align: inherit;\">\u00fcreticinin \u00e7e\u015fitli mekanik \u00f6zellikler sunmas\u0131na olanak tan\u0131yacak.<\/span><\/span><\/span><\/span><\/span><\/span><\/span><\/span><\/p>\n<p><span style=\"vertical-align: inherit;\"><span style=\"vertical-align: inherit;\"><span style=\"vertical-align: inherit;\"><span style=\"vertical-align: inherit;\"><span style=\"vertical-align: inherit;\"><span style=\"vertical-align: inherit;\"><span style=\"vertical-align: inherit;\"><span style=\"vertical-align: inherit;\">bu model i\u00e7in se\u00e7enekler; <\/span><\/span><\/span><\/span><\/span><\/span><\/span><span style=\"vertical-align: inherit;\"><span style=\"vertical-align: inherit;\"><span style=\"vertical-align: inherit;\"><span style=\"vertical-align: inherit;\"><span style=\"vertical-align: inherit;\"><span style=\"vertical-align: inherit;\"><span style=\"vertical-align: inherit;\">Benzinli motorlar, dizel motorlar, bir plug-in hibrit araba ve tamamen elektrikli bir ara\u00e7<\/span><\/span><\/span><\/span><\/span><\/span><\/span><\/span><\/p>\n<p><span style=\"vertical-align: inherit;\"><span style=\"vertical-align: inherit;\"><span style=\"vertical-align: inherit;\"><span style=\"vertical-align: inherit;\"><span style=\"vertical-align: inherit;\"><span style=\"vertical-align: inherit;\"><span style=\"vertical-align: inherit;\"><span style=\"vertical-align: inherit;\">BMW i5 ad\u0131n\u0131 ta\u015f\u0131mas\u0131 bekleniyor.<\/span><\/span><\/span><\/span><\/span><\/span><\/span><\/span><\/p>\n<figure id=\"attachment_26615\" aria-describedby=\"caption-attachment-26615\" style=\"width: 916px\" class=\"wp-caption alignnone\"><img loading=\"lazy\" decoding=\"async\" class=\"size-full wp-image-26615\" src=\"https:\/\/zdmaa.com\/wp-content\/uploads\/2023\/03\/bmw2024-3.jpg\" alt=\"bmw2024\" width=\"916\" height=\"515\" srcset=\"https:\/\/zdmaa.com\/wp-content\/uploads\/2023\/03\/bmw2024-3.jpg 916w, https:\/\/zdmaa.com\/wp-content\/uploads\/2023\/03\/bmw2024-3-300x169.jpg 300w, https:\/\/zdmaa.com\/wp-content\/uploads\/2023\/03\/bmw2024-3-768x432.jpg 768w, https:\/\/zdmaa.com\/wp-content\/uploads\/2023\/03\/bmw2024-3-390x220.jpg 390w\" sizes=\"auto, (max-width: 916px) 100vw, 916px\" \/><figcaption id=\"caption-attachment-26615\" class=\"wp-caption-text\"><span style=\"vertical-align: inherit;\"><span style=\"vertical-align: inherit;\">bmw2024<\/span><\/span><\/figcaption><\/figure>\n<p><strong><span style=\"vertical-align: inherit;\"><span style=\"vertical-align: inherit;\"><span style=\"vertical-align: inherit;\"><span style=\"vertical-align: inherit;\"><span style=\"vertical-align: inherit;\"><span style=\"vertical-align: inherit;\"><span style=\"vertical-align: inherit;\"><span style=\"vertical-align: inherit;\">\u00c7o\u011funuzun bildi\u011fi gibi, BMW 5 Serisi a\u015fa\u011f\u0131daki arabalarla rekabet eder:<\/span><\/span><\/span><\/span><\/span><\/span><\/span><\/span><\/strong><\/p>\n<ul>\n<li><span style=\"vertical-align: inherit;\"><span style=\"vertical-align: inherit;\"><span style=\"vertical-align: inherit;\"><span style=\"vertical-align: inherit;\"><span style=\"vertical-align: inherit;\"><span style=\"vertical-align: inherit;\"><span style=\"vertical-align: inherit;\"><span style=\"vertical-align: inherit;\">Mercedes A s\u0131n\u0131f\u0131<\/span><\/span><\/span><\/span><\/span><\/span><\/span><\/span><\/li>\n<li><span style=\"vertical-align: inherit;\"><span style=\"vertical-align: inherit;\"><span style=\"vertical-align: inherit;\"><span style=\"vertical-align: inherit;\"><span style=\"vertical-align: inherit;\"><span style=\"vertical-align: inherit;\"><span style=\"vertical-align: inherit;\"><span style=\"vertical-align: inherit;\">Audi A6.<\/span><\/span><\/span><\/span><\/span><\/span><\/span><\/span><\/li>\n<li><span style=\"vertical-align: inherit;\"><span style=\"vertical-align: inherit;\"><span style=\"vertical-align: inherit;\"><span style=\"vertical-align: inherit;\"><span style=\"vertical-align: inherit;\"><span style=\"vertical-align: inherit;\"><span style=\"vertical-align: inherit;\"><span style=\"vertical-align: inherit;\">Cadillac ST5.<\/span><\/span><\/span><\/span><\/span><\/span><\/span><\/span><\/li>\n<li><span style=\"vertical-align: inherit;\"><span style=\"vertical-align: inherit;\"><span style=\"vertical-align: inherit;\"><span style=\"vertical-align: inherit;\"><span style=\"vertical-align: inherit;\"><span style=\"vertical-align: inherit;\"><span style=\"vertical-align: inherit;\"><span style=\"vertical-align: inherit;\">Genesis G80.<\/span><\/span><\/span><\/span><\/span><\/span><\/span><\/span><\/li>\n<\/ul>\n<p><span style=\"vertical-align: inherit;\"><span style=\"vertical-align: inherit;\"><span style=\"vertical-align: inherit;\"><span style=\"vertical-align: inherit;\"><span style=\"vertical-align: inherit;\"><span style=\"vertical-align: inherit;\"><span style=\"vertical-align: inherit;\"><a href=\"https:\/\/en.wikipedia.org\/wiki\/BMW_5_Series\"><span style=\"vertical-align: inherit;\">Yeni 2024 5 Serisi otomobilin , tasar\u0131m\u0131n\u0131n aksine<\/span><\/a><span style=\"vertical-align: inherit;\"> daha dinamik hatlara ve daha geni\u015f bir \u0131zgaraya sahip olmas\u0131 bekleniyor.<\/span><\/span> <\/span><\/span><\/span><\/span><\/span><\/span><\/p>\n<p><span style=\"vertical-align: inherit;\"><span style=\"vertical-align: inherit;\"><span style=\"vertical-align: inherit;\"><span style=\"vertical-align: inherit;\"><span style=\"vertical-align: inherit;\"><span style=\"vertical-align: inherit;\"><span style=\"vertical-align: inherit;\"><span style=\"vertical-align: inherit;\">M3, M4 ve 4 serisi arabalar. <\/span><span style=\"vertical-align: inherit;\">Bu \u0131zgaran\u0131n yan\u0131nda yeni LED \u0131\u015f\u0131klar ve tabii ki yeni bir \u00f6n\u00a0 <\/span><\/span><\/span><\/span><\/span><\/span><\/span><\/span><strong><span style=\"vertical-align: inherit;\"><span style=\"vertical-align: inherit;\"><span style=\"vertical-align: inherit;\"><span style=\"vertical-align: inherit;\"><span style=\"vertical-align: inherit;\"><span style=\"vertical-align: inherit;\"><span style=\"vertical-align: inherit;\"><span style=\"vertical-align: inherit;\">tampon<\/span><\/span><\/span><\/span><\/span><\/span><\/span><\/span><\/strong><span style=\"vertical-align: inherit;\"><span style=\"vertical-align: inherit;\"><span style=\"vertical-align: inherit;\"><span style=\"vertical-align: inherit;\"><span style=\"vertical-align: inherit;\"><span style=\"vertical-align: inherit;\"><span style=\"vertical-align: inherit;\"><span style=\"vertical-align: inherit;\"> yer alacak \u00a0. <\/span><\/span><\/span><span style=\"vertical-align: inherit;\"><span style=\"vertical-align: inherit;\"><span style=\"vertical-align: inherit;\">hem arka tampon hem de kaput Yeni motor ve yeni sedan\u0131n sportif hissine katk\u0131da bulunan hafif e\u011fimli bir tavan sa\u011flama planlar\u0131 var ve sa\u011flam bir \u0131\u015f\u0131k \u00e7ubu\u011fu \u015feklinde LED arka lambalar\u0131 yerle\u015ftirme planlar\u0131 var.<\/span><\/span><\/span><\/span><\/span><\/span><\/span><\/span><\/p>\n<h3 class=\"keyword-text _ngcontent-vqv-108\"><span class=\"keyword _ngcontent-vqv-108\" aria-hidden=\"false\"><span style=\"vertical-align: inherit;\"><span style=\"vertical-align: inherit;\">bmw m5<\/span><\/span><\/span><\/h3>\n<div aria-label=\"\"><\/div>\n<p><span style=\"vertical-align: inherit;\"><span style=\"vertical-align: inherit;\"><span style=\"vertical-align: inherit;\"><span style=\"vertical-align: inherit;\"><span style=\"vertical-align: inherit;\"><span style=\"vertical-align: inherit;\"><span style=\"vertical-align: inherit;\"><span style=\"vertical-align: inherit;\">Yeni otomobilin i\u00e7i , Mosab&#8217;\u0131n ge\u00e7ti\u011fimiz g\u00fcnlerde M\u00fcnih&#8217;te test etti\u011fi tamamen elektrikli <\/span><\/span><\/span><\/span><\/span><\/span><\/span><\/span><strong><span style=\"vertical-align: inherit;\"><span style=\"vertical-align: inherit;\"><span style=\"vertical-align: inherit;\"><span style=\"vertical-align: inherit;\"><span style=\"vertical-align: inherit;\"><span style=\"vertical-align: inherit;\"><span style=\"vertical-align: inherit;\"><span style=\"vertical-align: inherit;\">2022 BMW iX<\/span><\/span><\/span><\/span><\/span><\/span><\/span><\/span><\/strong><span style=\"vertical-align: inherit;\"><span style=\"vertical-align: inherit;\"><span style=\"vertical-align: inherit;\"><span style=\"vertical-align: inherit;\"><span style=\"vertical-align: inherit;\"><span style=\"vertical-align: inherit;\"><span style=\"vertical-align: inherit;\"><span style=\"vertical-align: inherit;\"> modelinden al\u0131nacak . <\/span><\/span><\/span><\/span><\/span><\/span><\/span><\/span><span style=\"vertical-align: inherit;\"><span style=\"vertical-align: inherit;\"><span style=\"vertical-align: inherit;\"><span style=\"vertical-align: inherit;\"><span style=\"vertical-align: inherit;\"><span style=\"vertical-align: inherit;\"><span style=\"vertical-align: inherit;\"><span style=\"vertical-align: inherit;\">Be\u015finci seride 12,3 in\u00e7lik bir dijital g\u00f6sterge paneli ve 14,9 in\u00e7lik bir merkezi e\u011flence ve bilgi sistemi yer alacak. <\/span><\/span><\/span><span style=\"vertical-align: inherit;\"><span style=\"vertical-align: inherit;\"><span style=\"vertical-align: inherit;\">ve BMW&#8217;nin i\u015fletim sistemi sa\u011flanacakt\u0131r. <\/span><span style=\"vertical-align: inherit;\">Yar\u0131 otonom s\u00fcr\u00fc\u015f yetenekleri sa\u011flayan geli\u015fmi\u015f ba\u011flant\u0131 \u00f6zelliklerine sahip yeni Eighth.<\/span><\/span><\/span><\/span><\/span><\/span><\/span><\/span><\/p>\n<p><strong><span style=\"vertical-align: inherit;\"><span style=\"vertical-align: inherit;\"><span style=\"vertical-align: inherit;\"><span style=\"vertical-align: inherit;\"><span style=\"vertical-align: inherit;\"><span style=\"vertical-align: inherit;\"><span style=\"vertical-align: inherit;\"><span style=\"vertical-align: inherit;\">2024 BMW 5 Serisi i\u00e7in beklenen motor se\u00e7enekleri:<\/span><\/span><\/span><\/span><\/span><\/span><\/span><\/span><\/strong><\/p>\n<figure id=\"attachment_26623\" aria-describedby=\"caption-attachment-26623\" style=\"width: 853px\" class=\"wp-caption alignnone\"><img loading=\"lazy\" decoding=\"async\" class=\"size-full wp-image-26623\" src=\"https:\/\/zdmaa.com\/wp-content\/uploads\/2023\/03\/bmw2024-4.jpg\" alt=\"bmw2024\" width=\"853\" height=\"480\" srcset=\"https:\/\/zdmaa.com\/wp-content\/uploads\/2023\/03\/bmw2024-4.jpg 853w, https:\/\/zdmaa.com\/wp-content\/uploads\/2023\/03\/bmw2024-4-300x169.jpg 300w, https:\/\/zdmaa.com\/wp-content\/uploads\/2023\/03\/bmw2024-4-768x432.jpg 768w, https:\/\/zdmaa.com\/wp-content\/uploads\/2023\/03\/bmw2024-4-390x220.jpg 390w\" sizes=\"auto, (max-width: 853px) 100vw, 853px\" \/><figcaption id=\"caption-attachment-26623\" class=\"wp-caption-text\"><span style=\"vertical-align: inherit;\"><span style=\"vertical-align: inherit;\">bmw2024<\/span><\/span><\/figcaption><\/figure>\n<ul>\n<li><span style=\"vertical-align: inherit;\"><span style=\"vertical-align: inherit;\"><span style=\"vertical-align: inherit;\"><span style=\"vertical-align: inherit;\"><span style=\"vertical-align: inherit;\"><span style=\"vertical-align: inherit;\"><span style=\"vertical-align: inherit;\"><span style=\"vertical-align: inherit;\">3.0 litrelik turbo\u015farjl\u0131 6 silindirli motor veya <\/span><\/span><a href=\"https:\/\/en.wikipedia.org\/wiki\/BMW_5_Series\"><span style=\"vertical-align: inherit;\"><span style=\"vertical-align: inherit;\">birlikte 500<\/span><\/span><\/a><span style=\"vertical-align: inherit;\"><span style=\"vertical-align: inherit;\"> beygir g\u00fcc\u00fc sa\u011flayan iki elektrik motoru.<\/span><\/span><\/span><\/span><\/span><\/span><\/span><\/span><\/li>\n<li><\/li>\n<li><strong><span style=\"vertical-align: inherit;\"><span style=\"vertical-align: inherit;\"><span style=\"vertical-align: inherit;\"><span style=\"vertical-align: inherit;\"><span style=\"vertical-align: inherit;\"><span style=\"vertical-align: inherit;\"><span style=\"vertical-align: inherit;\"><span style=\"vertical-align: inherit;\">Yeni<\/span><\/span><\/span><\/span><\/span><\/span><\/span><\/span><\/strong><span style=\"vertical-align: inherit;\"><span style=\"vertical-align: inherit;\"><span style=\"vertical-align: inherit;\"><span style=\"vertical-align: inherit;\"><span style=\"vertical-align: inherit;\"><span style=\"vertical-align: inherit;\"><span style=\"vertical-align: inherit;\"><span style=\"vertical-align: inherit;\"> \u00a0M5 y\u00fcksek performansl\u0131 hibrit, 4.4 litrelik \u00e7ift turbo\u015farjl\u0131 bir V8 motorla g\u00fc\u00e7lendirilecek.<\/span><\/span><\/span><\/span><\/span><\/span><\/span><\/span><\/li>\n<li><\/li>\n<li><span style=\"vertical-align: inherit;\"><span style=\"vertical-align: inherit;\"><span style=\"vertical-align: inherit;\"><span style=\"vertical-align: inherit;\"><span style=\"vertical-align: inherit;\"><span style=\"vertical-align: inherit;\"><span style=\"vertical-align: inherit;\"><span style=\"vertical-align: inherit;\">elektrik motoru ve yakla\u015f\u0131k 750 beygir g\u00fc\u00e7 \u00fcretecek.<\/span><\/span><\/span><\/span><\/span><\/span><\/span><\/span><\/li>\n<li><\/li>\n<li><span style=\"vertical-align: inherit;\"><span style=\"vertical-align: inherit;\"><span style=\"vertical-align: inherit;\"><span style=\"vertical-align: inherit;\"><span style=\"vertical-align: inherit;\"><span style=\"vertical-align: inherit;\"><span style=\"vertical-align: inherit;\"><span style=\"vertical-align: inherit;\">Tamamen elektrikli BMW i5, yak\u0131nda yapaca\u011f\u0131m\u0131z yeni 2022 iX&#8217;ten mekanik olarak miras al\u0131nmal\u0131, Tanr\u0131m<\/span><\/span><\/span><\/span><\/span><\/span><\/span><\/span><\/li>\n<li><span style=\"vertical-align: inherit;\"><span style=\"vertical-align: inherit;\"><span style=\"vertical-align: inherit;\"><span style=\"vertical-align: inherit;\"><span style=\"vertical-align: inherit;\"><span style=\"vertical-align: inherit;\"><span style=\"vertical-align: inherit;\"><span style=\"vertical-align: inherit;\">istekli, size ilk s\u00fcr\u00fc\u015f deneyimi olarak g\u00f6sterin.\u00a0<\/span><\/span><\/span><\/span><\/span><\/span><\/span><\/span><\/li>\n<\/ul>\n<\/div>\n<\/div>\n<\/div>\n<\/div>\n<\/div>\n<\/section>\n","protected":false},"excerpt":{"rendered":"<p>bmw2024 &nbsp; Yeni 2024 BMW 5 Serisi hakk\u0131nda bildi\u011fimiz her \u015fey &nbsp; \u00a0Yepyeni 2024 BMW 5 Serisi&#8217;nden (BMW 5 Serisi) ilk kez bahsetmiyoruz ama bug\u00fcn size bu l\u00fcks sedan hakk\u0131nda sahip oldu\u011fumuz t\u00fcm bilgileri aktaraca\u011f\u0131z. BMW 5 Serisinin sekizinci ve tamamen yeni neslinin 2023&#8217;te tan\u0131t\u0131lmas\u0131 bekleniyor\u00a0 \u00a0. istekli ve prototipler, birinin \u015fekil \u00f6zelliklerini gizleyen kamuflaj &hellip;<\/p>\n","protected":false},"author":6,"featured_media":26638,"comment_status":"open","ping_status":"open","sticky":false,"template":"","format":"standard","meta":{"footnotes":""},"categories":[275],"tags":[10202],"class_list":["post-26646","post","type-post","status-publish","format-standard","has-post-thumbnail","hentry","category-arabalar","tag-bmw2024-tr"],"yoast_head":"<!-- This site is optimized with the Yoast SEO plugin v25.4 - https:\/\/yoast.com\/wordpress\/plugins\/seo\/ -->\n<title>bmw2024 - zdmaa<\/title>\n<meta name=\"description\" content=\"bmw2024 In the Separate section, this is not the first time that we will talk about the all-new 2024 BMW 5 Series, but today we will review\" \/>\n<meta name=\"robots\" content=\"index, follow, max-snippet:-1, max-image-preview:large, max-video-preview:-1\" \/>\n<link rel=\"canonical\" href=\"https:\/\/zdmaa.com\/tr\/bmw2024\/\" \/>\n<meta property=\"og:locale\" content=\"tr_TR\" \/>\n<meta property=\"og:type\" content=\"article\" \/>\n<meta property=\"og:title\" content=\"bmw2024 - zdmaa\" \/>\n<meta property=\"og:description\" content=\"bmw2024 In the Separate section, this is not the first time that we will talk about the all-new 2024 BMW 5 Series, but today we will review\" \/>\n<meta property=\"og:url\" content=\"https:\/\/zdmaa.com\/tr\/bmw2024\/\" \/>\n<meta property=\"og:site_name\" content=\"zdmaa\" \/>\n<meta property=\"article:published_time\" content=\"2023-03-25T11:50:53+00:00\" \/>\n<meta property=\"article:modified_time\" content=\"2023-03-25T12:07:00+00:00\" \/>\n<meta property=\"og:image\" content=\"https:\/\/zdmaa.com\/wp-content\/uploads\/2023\/03\/bmw2024.jpg\" \/>\n\t<meta property=\"og:image:width\" content=\"1116\" \/>\n\t<meta property=\"og:image:height\" content=\"627\" \/>\n\t<meta property=\"og:image:type\" content=\"image\/jpeg\" \/>\n<meta name=\"author\" content=\"eymen\" \/>\n<meta name=\"twitter:card\" content=\"summary_large_image\" \/>\n<meta name=\"twitter:label1\" content=\"Yazan:\" \/>\n\t<meta name=\"twitter:data1\" content=\"eymen\" \/>\n\t<meta name=\"twitter:label2\" content=\"Tahmini okuma s\u00fcresi\" \/>\n\t<meta name=\"twitter:data2\" content=\"3 dakika\" \/>\n<script type=\"application\/ld+json\" class=\"yoast-schema-graph\">{\"@context\":\"https:\/\/schema.org\",\"@graph\":[{\"@type\":\"WebPage\",\"@id\":\"https:\/\/zdmaa.com\/tr\/bmw2024\/\",\"url\":\"https:\/\/zdmaa.com\/tr\/bmw2024\/\",\"name\":\"bmw2024 - zdmaa\",\"isPartOf\":{\"@id\":\"https:\/\/zdmaa.com\/tr\/ro\/#website\"},\"primaryImageOfPage\":{\"@id\":\"https:\/\/zdmaa.com\/tr\/bmw2024\/#primaryimage\"},\"image\":{\"@id\":\"https:\/\/zdmaa.com\/tr\/bmw2024\/#primaryimage\"},\"thumbnailUrl\":\"https:\/\/zdmaa.com\/wp-content\/uploads\/2023\/03\/bmw2024.jpg\",\"datePublished\":\"2023-03-25T11:50:53+00:00\",\"dateModified\":\"2023-03-25T12:07:00+00:00\",\"author\":{\"@id\":\"https:\/\/zdmaa.com\/tr\/ro\/#\/schema\/person\/cffaaae821b6149c61414b13ebb333a7\"},\"description\":\"bmw2024 In the Separate section, this is not the first time that we will talk about the all-new 2024 BMW 5 Series, but today we will review\",\"breadcrumb\":{\"@id\":\"https:\/\/zdmaa.com\/tr\/bmw2024\/#breadcrumb\"},\"inLanguage\":\"tr\",\"potentialAction\":[{\"@type\":\"ReadAction\",\"target\":[\"https:\/\/zdmaa.com\/tr\/bmw2024\/\"]}]},{\"@type\":\"ImageObject\",\"inLanguage\":\"tr\",\"@id\":\"https:\/\/zdmaa.com\/tr\/bmw2024\/#primaryimage\",\"url\":\"https:\/\/zdmaa.com\/wp-content\/uploads\/2023\/03\/bmw2024.jpg\",\"contentUrl\":\"https:\/\/zdmaa.com\/wp-content\/uploads\/2023\/03\/bmw2024.jpg\",\"width\":1116,\"height\":627,\"caption\":\"bmw2024\"},{\"@type\":\"BreadcrumbList\",\"@id\":\"https:\/\/zdmaa.com\/tr\/bmw2024\/#breadcrumb\",\"itemListElement\":[{\"@type\":\"ListItem\",\"position\":1,\"name\":\"\u0627\u0644\u0631\u0626\u064a\u0633\u064a\u0629\",\"item\":\"https:\/\/zdmaa.com\/tr\/\"},{\"@type\":\"ListItem\",\"position\":2,\"name\":\"bmw2024\"}]},{\"@type\":\"WebSite\",\"@id\":\"https:\/\/zdmaa.com\/tr\/ro\/#website\",\"url\":\"https:\/\/zdmaa.com\/tr\/ro\/\",\"name\":\"zdmaa\",\"description\":\"zdmaa\",\"potentialAction\":[{\"@type\":\"SearchAction\",\"target\":{\"@type\":\"EntryPoint\",\"urlTemplate\":\"https:\/\/zdmaa.com\/tr\/ro\/?s={search_term_string}\"},\"query-input\":{\"@type\":\"PropertyValueSpecification\",\"valueRequired\":true,\"valueName\":\"search_term_string\"}}],\"inLanguage\":\"tr\"},{\"@type\":\"Person\",\"@id\":\"https:\/\/zdmaa.com\/tr\/ro\/#\/schema\/person\/cffaaae821b6149c61414b13ebb333a7\",\"name\":\"eymen\",\"image\":{\"@type\":\"ImageObject\",\"inLanguage\":\"tr\",\"@id\":\"https:\/\/zdmaa.com\/tr\/ro\/#\/schema\/person\/image\/\",\"url\":\"https:\/\/zdmaa.com\/wp-content\/litespeed\/avatar\/0067383438e41fa4c4b4fafeea3c919b.jpg?ver=1777164517\",\"contentUrl\":\"https:\/\/zdmaa.com\/wp-content\/litespeed\/avatar\/0067383438e41fa4c4b4fafeea3c919b.jpg?ver=1777164517\",\"caption\":\"eymen\"},\"url\":\"https:\/\/zdmaa.com\/tr\/author\/eymen\/\"}]}<\/script>\n<!-- \/ Yoast SEO plugin. -->","yoast_head_json":{"title":"bmw2024 - zdmaa","description":"bmw2024 In the Separate section, this is not the first time that we will talk about the all-new 2024 BMW 5 Series, but today we will review","robots":{"index":"index","follow":"follow","max-snippet":"max-snippet:-1","max-image-preview":"max-image-preview:large","max-video-preview":"max-video-preview:-1"},"canonical":"https:\/\/zdmaa.com\/tr\/bmw2024\/","og_locale":"tr_TR","og_type":"article","og_title":"bmw2024 - zdmaa","og_description":"bmw2024 In the Separate section, this is not the first time that we will talk about the all-new 2024 BMW 5 Series, but today we will review","og_url":"https:\/\/zdmaa.com\/tr\/bmw2024\/","og_site_name":"zdmaa","article_published_time":"2023-03-25T11:50:53+00:00","article_modified_time":"2023-03-25T12:07:00+00:00","og_image":[{"width":1116,"height":627,"url":"https:\/\/zdmaa.com\/wp-content\/uploads\/2023\/03\/bmw2024.jpg","type":"image\/jpeg"}],"author":"eymen","twitter_card":"summary_large_image","twitter_misc":{"Yazan:":"eymen","Tahmini okuma s\u00fcresi":"3 dakika"},"schema":{"@context":"https:\/\/schema.org","@graph":[{"@type":"WebPage","@id":"https:\/\/zdmaa.com\/tr\/bmw2024\/","url":"https:\/\/zdmaa.com\/tr\/bmw2024\/","name":"bmw2024 - zdmaa","isPartOf":{"@id":"https:\/\/zdmaa.com\/tr\/ro\/#website"},"primaryImageOfPage":{"@id":"https:\/\/zdmaa.com\/tr\/bmw2024\/#primaryimage"},"image":{"@id":"https:\/\/zdmaa.com\/tr\/bmw2024\/#primaryimage"},"thumbnailUrl":"https:\/\/zdmaa.com\/wp-content\/uploads\/2023\/03\/bmw2024.jpg","datePublished":"2023-03-25T11:50:53+00:00","dateModified":"2023-03-25T12:07:00+00:00","author":{"@id":"https:\/\/zdmaa.com\/tr\/ro\/#\/schema\/person\/cffaaae821b6149c61414b13ebb333a7"},"description":"bmw2024 In the Separate section, this is not the first time that we will talk about the all-new 2024 BMW 5 Series, but today we will review","breadcrumb":{"@id":"https:\/\/zdmaa.com\/tr\/bmw2024\/#breadcrumb"},"inLanguage":"tr","potentialAction":[{"@type":"ReadAction","target":["https:\/\/zdmaa.com\/tr\/bmw2024\/"]}]},{"@type":"ImageObject","inLanguage":"tr","@id":"https:\/\/zdmaa.com\/tr\/bmw2024\/#primaryimage","url":"https:\/\/zdmaa.com\/wp-content\/uploads\/2023\/03\/bmw2024.jpg","contentUrl":"https:\/\/zdmaa.com\/wp-content\/uploads\/2023\/03\/bmw2024.jpg","width":1116,"height":627,"caption":"bmw2024"},{"@type":"BreadcrumbList","@id":"https:\/\/zdmaa.com\/tr\/bmw2024\/#breadcrumb","itemListElement":[{"@type":"ListItem","position":1,"name":"\u0627\u0644\u0631\u0626\u064a\u0633\u064a\u0629","item":"https:\/\/zdmaa.com\/tr\/"},{"@type":"ListItem","position":2,"name":"bmw2024"}]},{"@type":"WebSite","@id":"https:\/\/zdmaa.com\/tr\/ro\/#website","url":"https:\/\/zdmaa.com\/tr\/ro\/","name":"zdmaa","description":"zdmaa","potentialAction":[{"@type":"SearchAction","target":{"@type":"EntryPoint","urlTemplate":"https:\/\/zdmaa.com\/tr\/ro\/?s={search_term_string}"},"query-input":{"@type":"PropertyValueSpecification","valueRequired":true,"valueName":"search_term_string"}}],"inLanguage":"tr"},{"@type":"Person","@id":"https:\/\/zdmaa.com\/tr\/ro\/#\/schema\/person\/cffaaae821b6149c61414b13ebb333a7","name":"eymen","image":{"@type":"ImageObject","inLanguage":"tr","@id":"https:\/\/zdmaa.com\/tr\/ro\/#\/schema\/person\/image\/","url":"https:\/\/zdmaa.com\/wp-content\/litespeed\/avatar\/0067383438e41fa4c4b4fafeea3c919b.jpg?ver=1777164517","contentUrl":"https:\/\/zdmaa.com\/wp-content\/litespeed\/avatar\/0067383438e41fa4c4b4fafeea3c919b.jpg?ver=1777164517","caption":"eymen"},"url":"https:\/\/zdmaa.com\/tr\/author\/eymen\/"}]}},"_links":{"self":[{"href":"https:\/\/zdmaa.com\/tr\/wp-json\/wp\/v2\/posts\/26646","targetHints":{"allow":["GET"]}}],"collection":[{"href":"https:\/\/zdmaa.com\/tr\/wp-json\/wp\/v2\/posts"}],"about":[{"href":"https:\/\/zdmaa.com\/tr\/wp-json\/wp\/v2\/types\/post"}],"author":[{"embeddable":true,"href":"https:\/\/zdmaa.com\/tr\/wp-json\/wp\/v2\/users\/6"}],"replies":[{"embeddable":true,"href":"https:\/\/zdmaa.com\/tr\/wp-json\/wp\/v2\/comments?post=26646"}],"version-history":[{"count":1,"href":"https:\/\/zdmaa.com\/tr\/wp-json\/wp\/v2\/posts\/26646\/revisions"}],"predecessor-version":[{"id":26656,"href":"https:\/\/zdmaa.com\/tr\/wp-json\/wp\/v2\/posts\/26646\/revisions\/26656"}],"wp:featuredmedia":[{"embeddable":true,"href":"https:\/\/zdmaa.com\/tr\/wp-json\/wp\/v2\/media\/26638"}],"wp:attachment":[{"href":"https:\/\/zdmaa.com\/tr\/wp-json\/wp\/v2\/media?parent=26646"}],"wp:term":[{"taxonomy":"category","embeddable":true,"href":"https:\/\/zdmaa.com\/tr\/wp-json\/wp\/v2\/categories?post=26646"},{"taxonomy":"post_tag","embeddable":true,"href":"https:\/\/zdmaa.com\/tr\/wp-json\/wp\/v2\/tags?post=26646"}],"curies":[{"name":"wp","href":"https:\/\/api.w.org\/{rel}","templated":true}]}}